{"id":263629,"date":"2025-10-15T10:39:31","date_gmt":"2025-10-15T08:39:31","guid":{"rendered":"https:\/\/casanatense.cultura.gov.it\/?p=263629"},"modified":"2025-10-15T10:39:43","modified_gmt":"2025-10-15T08:39:43","slug":"closure-of-the-monumental-hall-on-27-october-2025","status":"publish","type":"post","link":"https:\/\/casanatense.cultura.gov.it\/en\/public-notices\/closure-of-the-monumental-hall-on-27-october-2025\/","title":{"rendered":"Closure of the Monumental Hall on 27 October 2025"},"content":{"rendered":"<p>[et_pb_section fb_built=&#8221;1&#8243; admin_label=&#8221;section&#8221; _builder_version=&#8221;4.16&#8243; da_disable_devices=&#8221;off|off|off&#8221; global_colors_info=&#8221;{}&#8221; da_is_popup=&#8221;off&#8221; da_exit_intent=&#8221;off&#8221; da_has_close=&#8221;on&#8221; da_alt_close=&#8221;off&#8221; da_dark_close=&#8221;off&#8221; da_not_modal=&#8221;on&#8221; da_is_singular=&#8221;off&#8221; da_with_loader=&#8221;off&#8221; da_has_shadow=&#8221;on&#8221;][et_pb_row admin_label=&#8221;row&#8221; _builder_version=&#8221;4.16&#8243; background_size=&#8221;initial&#8221; background_position=&#8221;top_left&#8221; background_repeat=&#8221;repeat&#8221; global_colors_info=&#8221;{}&#8221;][et_pb_column type=&#8221;4_4&#8243; _builder_version=&#8221;4.16&#8243; custom_padding=&#8221;|||&#8221; global_colors_info=&#8221;{}&#8221; custom_padding__hover=&#8221;|||&#8221;][et_pb_text admin_label=&#8221;Text&#8221; _builder_version=&#8221;4.27.4&#8243; background_size=&#8221;initial&#8221; background_position=&#8221;top_left&#8221; background_repeat=&#8221;repeat&#8221; global_colors_info=&#8221;{}&#8221;]<\/p>\n<p>We would like to inform our users that on Monday, 27 October 2025, the Monumental Hall and the museum tour will not be available for visits. The reading rooms will be open as usual from 8:30 a.m. to 4:00 p.m.<\/p>\n<p>[\/et_pb_text][\/et_pb_column][\/et_pb_row][\/et_pb_section]<\/p>\n","protected":false},"excerpt":{"rendered":"<p>We would like to inform our users that on Monday, 27 October 2025, the Monumental Hall and the museum tour will not be available for visits. The reading rooms will be open as usual from 8:30 a.m. to 4:00 p.m.<\/p>\n","protected":false},"author":160,"featured_media":0,"comment_status":"closed","ping_status":"closed","sticky":false,"template":"","format":"standard","meta":{"_et_pb_use_builder":"on","_et_pb_old_content":"Il giorno venerd\u00ec 10 gennaio il Salone Monumentale rester\u00e0 chiuso per allestimento evento pomeridiano. Non sar\u00e0 pertanto possibile visitarlo nelle consuete fasce orarie. Ci scusiamo per io disagio.","_et_gb_content_width":"","_price":"","_stock":"","_tribe_ticket_header":"","_tribe_default_ticket_provider":"","_tribe_ticket_capacity":"0","_ticket_start_date":"","_ticket_end_date":"","_tribe_ticket_show_description":"","_tribe_ticket_show_not_going":false,"_tribe_ticket_use_global_stock":"","_tribe_ticket_global_stock_level":"","_global_stock_mode":"","_global_stock_cap":"","_tribe_rsvp_for_event":"","_tribe_ticket_going_count":"","_tribe_ticket_not_going_count":"","_tribe_tickets_list":"[]","_tribe_ticket_has_attendee_info_fields":false,"footnotes":""},"categories":[127],"tags":[],"class_list":["post-263629","post","type-post","status-publish","format-standard","hentry","category-public-notices"],"yoast_head":"<!-- This site is optimized with the Yoast SEO plugin v27.4 - https:\/\/yoast.com\/product\/yoast-seo-wordpress\/ -->\n<title>Closure of the Monumental Hall on 27 October 2025 - Casanatense<\/title>\n<meta name=\"robots\" content=\"index, follow, max-snippet:-1, max-image-preview:large, max-video-preview:-1\" \/>\n<link rel=\"canonical\" href=\"https:\/\/casanatense.cultura.gov.it\/en\/public-notices\/closure-of-the-monumental-hall-on-27-october-2025\/\" \/>\n<meta property=\"og:locale\" content=\"en_US\" \/>\n<meta property=\"og:type\" content=\"article\" \/>\n<meta property=\"og:title\" content=\"Closure of the Monumental Hall on 27 October 2025 - Casanatense\" \/>\n<meta property=\"og:description\" content=\"We would like to inform our users that on Monday, 27 October 2025, the Monumental Hall and the museum tour will not be available for visits. The reading rooms will be open as usual from 8:30 a.m. to 4:00 p.m.\" \/>\n<meta property=\"og:url\" content=\"https:\/\/casanatense.cultura.gov.it\/en\/public-notices\/closure-of-the-monumental-hall-on-27-october-2025\/\" \/>\n<meta property=\"og:site_name\" content=\"Casanatense\" \/>\n<meta property=\"article:publisher\" content=\"https:\/\/it-it.facebook.com\/people\/Biblioteca-Casanatense\/100064405343454\/\" \/>\n<meta property=\"article:published_time\" content=\"2025-10-15T08:39:31+00:00\" \/>\n<meta property=\"article:modified_time\" content=\"2025-10-15T08:39:43+00:00\" \/>\n<meta name=\"author\" content=\"Francesco\" \/>\n<meta name=\"twitter:card\" content=\"summary_large_image\" \/>\n<meta name=\"twitter:creator\" content=\"@casanatense\" \/>\n<meta name=\"twitter:site\" content=\"@casanatense\" \/>\n<meta name=\"twitter:label1\" content=\"Written by\" \/>\n\t<meta name=\"twitter:data1\" content=\"Francesco\" \/>\n\t<meta name=\"twitter:label2\" content=\"Est. reading time\" \/>\n\t<meta name=\"twitter:data2\" content=\"1 minute\" \/>\n<script type=\"application\/ld+json\" class=\"yoast-schema-graph\">{\"@context\":\"https:\\\/\\\/schema.org\",\"@graph\":[{\"@type\":\"Article\",\"@id\":\"https:\\\/\\\/casanatense.cultura.gov.it\\\/en\\\/public-notices\\\/closure-of-the-monumental-hall-on-27-october-2025\\\/#article\",\"isPartOf\":{\"@id\":\"https:\\\/\\\/casanatense.cultura.gov.it\\\/en\\\/public-notices\\\/closure-of-the-monumental-hall-on-27-october-2025\\\/\"},\"author\":{\"name\":\"Francesco\",\"@id\":\"https:\\\/\\\/casanatense.cultura.gov.it\\\/en\\\/#\\\/schema\\\/person\\\/3b7d6db894a0b289e171663d4dec01c8\"},\"headline\":\"Closure of the Monumental Hall on 27 October 2025\",\"datePublished\":\"2025-10-15T08:39:31+00:00\",\"dateModified\":\"2025-10-15T08:39:43+00:00\",\"mainEntityOfPage\":{\"@id\":\"https:\\\/\\\/casanatense.cultura.gov.it\\\/en\\\/public-notices\\\/closure-of-the-monumental-hall-on-27-october-2025\\\/\"},\"wordCount\":168,\"publisher\":{\"@id\":\"https:\\\/\\\/casanatense.cultura.gov.it\\\/en\\\/#organization\"},\"articleSection\":[\"Public Notices\"],\"inLanguage\":\"en-US\"},{\"@type\":\"WebPage\",\"@id\":\"https:\\\/\\\/casanatense.cultura.gov.it\\\/en\\\/public-notices\\\/closure-of-the-monumental-hall-on-27-october-2025\\\/\",\"url\":\"https:\\\/\\\/casanatense.cultura.gov.it\\\/en\\\/public-notices\\\/closure-of-the-monumental-hall-on-27-october-2025\\\/\",\"name\":\"Closure of the Monumental Hall on 27 October 2025 - Casanatense\",\"isPartOf\":{\"@id\":\"https:\\\/\\\/casanatense.cultura.gov.it\\\/en\\\/#website\"},\"datePublished\":\"2025-10-15T08:39:31+00:00\",\"dateModified\":\"2025-10-15T08:39:43+00:00\",\"breadcrumb\":{\"@id\":\"https:\\\/\\\/casanatense.cultura.gov.it\\\/en\\\/public-notices\\\/closure-of-the-monumental-hall-on-27-october-2025\\\/#breadcrumb\"},\"inLanguage\":\"en-US\",\"potentialAction\":[{\"@type\":\"ReadAction\",\"target\":[\"https:\\\/\\\/casanatense.cultura.gov.it\\\/en\\\/public-notices\\\/closure-of-the-monumental-hall-on-27-october-2025\\\/\"]}]},{\"@type\":\"BreadcrumbList\",\"@id\":\"https:\\\/\\\/casanatense.cultura.gov.it\\\/en\\\/public-notices\\\/closure-of-the-monumental-hall-on-27-october-2025\\\/#breadcrumb\",\"itemListElement\":[{\"@type\":\"ListItem\",\"position\":1,\"name\":\"Home\",\"item\":\"https:\\\/\\\/casanatense.cultura.gov.it\\\/en\\\/\"},{\"@type\":\"ListItem\",\"position\":2,\"name\":\"Closure of the Monumental Hall on 27 October 2025\"}]},{\"@type\":\"WebSite\",\"@id\":\"https:\\\/\\\/casanatense.cultura.gov.it\\\/en\\\/#website\",\"url\":\"https:\\\/\\\/casanatense.cultura.gov.it\\\/en\\\/\",\"name\":\"Casanatense\",\"description\":\"Il sito della Biblioteca Casanatense\",\"publisher\":{\"@id\":\"https:\\\/\\\/casanatense.cultura.gov.it\\\/en\\\/#organization\"},\"potentialAction\":[{\"@type\":\"SearchAction\",\"target\":{\"@type\":\"EntryPoint\",\"urlTemplate\":\"https:\\\/\\\/casanatense.cultura.gov.it\\\/en\\\/?s={search_term_string}\"},\"query-input\":{\"@type\":\"PropertyValueSpecification\",\"valueRequired\":true,\"valueName\":\"search_term_string\"}}],\"inLanguage\":\"en-US\"},{\"@type\":\"Organization\",\"@id\":\"https:\\\/\\\/casanatense.cultura.gov.it\\\/en\\\/#organization\",\"name\":\"Biblioteca Casanatense\",\"url\":\"https:\\\/\\\/casanatense.cultura.gov.it\\\/en\\\/\",\"logo\":{\"@type\":\"ImageObject\",\"inLanguage\":\"en-US\",\"@id\":\"https:\\\/\\\/casanatense.cultura.gov.it\\\/en\\\/#\\\/schema\\\/logo\\\/image\\\/\",\"url\":\"https:\\\/\\\/casanatense.cultura.gov.it\\\/wp-content\\\/uploads\\\/2024\\\/03\\\/logo-casanatense-mibact.png\",\"contentUrl\":\"https:\\\/\\\/casanatense.cultura.gov.it\\\/wp-content\\\/uploads\\\/2024\\\/03\\\/logo-casanatense-mibact.png\",\"width\":250,\"height\":61,\"caption\":\"Biblioteca Casanatense\"},\"image\":{\"@id\":\"https:\\\/\\\/casanatense.cultura.gov.it\\\/en\\\/#\\\/schema\\\/logo\\\/image\\\/\"},\"sameAs\":[\"https:\\\/\\\/it-it.facebook.com\\\/people\\\/Biblioteca-Casanatense\\\/100064405343454\\\/\",\"https:\\\/\\\/x.com\\\/casanatense\",\"https:\\\/\\\/instagram.com\\\/bibliotecacasanatense?igshid=5hcnozoyuuy5\"]},{\"@type\":\"Person\",\"@id\":\"https:\\\/\\\/casanatense.cultura.gov.it\\\/en\\\/#\\\/schema\\\/person\\\/3b7d6db894a0b289e171663d4dec01c8\",\"name\":\"Francesco\",\"url\":\"https:\\\/\\\/casanatense.cultura.gov.it\\\/en\\\/author\\\/francesco\\\/\"}]}<\/script>\n<!-- \/ Yoast SEO plugin. -->","yoast_head_json":{"title":"Closure of the Monumental Hall on 27 October 2025 - Casanatense","robots":{"index":"index","follow":"follow","max-snippet":"max-snippet:-1","max-image-preview":"max-image-preview:large","max-video-preview":"max-video-preview:-1"},"canonical":"https:\/\/casanatense.cultura.gov.it\/en\/public-notices\/closure-of-the-monumental-hall-on-27-october-2025\/","og_locale":"en_US","og_type":"article","og_title":"Closure of the Monumental Hall on 27 October 2025 - Casanatense","og_description":"We would like to inform our users that on Monday, 27 October 2025, the Monumental Hall and the museum tour will not be available for visits. The reading rooms will be open as usual from 8:30 a.m. to 4:00 p.m.","og_url":"https:\/\/casanatense.cultura.gov.it\/en\/public-notices\/closure-of-the-monumental-hall-on-27-october-2025\/","og_site_name":"Casanatense","article_publisher":"https:\/\/it-it.facebook.com\/people\/Biblioteca-Casanatense\/100064405343454\/","article_published_time":"2025-10-15T08:39:31+00:00","article_modified_time":"2025-10-15T08:39:43+00:00","author":"Francesco","twitter_card":"summary_large_image","twitter_creator":"@casanatense","twitter_site":"@casanatense","twitter_misc":{"Written by":"Francesco","Est. reading time":"1 minute"},"schema":{"@context":"https:\/\/schema.org","@graph":[{"@type":"Article","@id":"https:\/\/casanatense.cultura.gov.it\/en\/public-notices\/closure-of-the-monumental-hall-on-27-october-2025\/#article","isPartOf":{"@id":"https:\/\/casanatense.cultura.gov.it\/en\/public-notices\/closure-of-the-monumental-hall-on-27-october-2025\/"},"author":{"name":"Francesco","@id":"https:\/\/casanatense.cultura.gov.it\/en\/#\/schema\/person\/3b7d6db894a0b289e171663d4dec01c8"},"headline":"Closure of the Monumental Hall on 27 October 2025","datePublished":"2025-10-15T08:39:31+00:00","dateModified":"2025-10-15T08:39:43+00:00","mainEntityOfPage":{"@id":"https:\/\/casanatense.cultura.gov.it\/en\/public-notices\/closure-of-the-monumental-hall-on-27-october-2025\/"},"wordCount":168,"publisher":{"@id":"https:\/\/casanatense.cultura.gov.it\/en\/#organization"},"articleSection":["Public Notices"],"inLanguage":"en-US"},{"@type":"WebPage","@id":"https:\/\/casanatense.cultura.gov.it\/en\/public-notices\/closure-of-the-monumental-hall-on-27-october-2025\/","url":"https:\/\/casanatense.cultura.gov.it\/en\/public-notices\/closure-of-the-monumental-hall-on-27-october-2025\/","name":"Closure of the Monumental Hall on 27 October 2025 - Casanatense","isPartOf":{"@id":"https:\/\/casanatense.cultura.gov.it\/en\/#website"},"datePublished":"2025-10-15T08:39:31+00:00","dateModified":"2025-10-15T08:39:43+00:00","breadcrumb":{"@id":"https:\/\/casanatense.cultura.gov.it\/en\/public-notices\/closure-of-the-monumental-hall-on-27-october-2025\/#breadcrumb"},"inLanguage":"en-US","potentialAction":[{"@type":"ReadAction","target":["https:\/\/casanatense.cultura.gov.it\/en\/public-notices\/closure-of-the-monumental-hall-on-27-october-2025\/"]}]},{"@type":"BreadcrumbList","@id":"https:\/\/casanatense.cultura.gov.it\/en\/public-notices\/closure-of-the-monumental-hall-on-27-october-2025\/#breadcrumb","itemListElement":[{"@type":"ListItem","position":1,"name":"Home","item":"https:\/\/casanatense.cultura.gov.it\/en\/"},{"@type":"ListItem","position":2,"name":"Closure of the Monumental Hall on 27 October 2025"}]},{"@type":"WebSite","@id":"https:\/\/casanatense.cultura.gov.it\/en\/#website","url":"https:\/\/casanatense.cultura.gov.it\/en\/","name":"Casanatense","description":"Il sito della Biblioteca Casanatense","publisher":{"@id":"https:\/\/casanatense.cultura.gov.it\/en\/#organization"},"potentialAction":[{"@type":"SearchAction","target":{"@type":"EntryPoint","urlTemplate":"https:\/\/casanatense.cultura.gov.it\/en\/?s={search_term_string}"},"query-input":{"@type":"PropertyValueSpecification","valueRequired":true,"valueName":"search_term_string"}}],"inLanguage":"en-US"},{"@type":"Organization","@id":"https:\/\/casanatense.cultura.gov.it\/en\/#organization","name":"Biblioteca Casanatense","url":"https:\/\/casanatense.cultura.gov.it\/en\/","logo":{"@type":"ImageObject","inLanguage":"en-US","@id":"https:\/\/casanatense.cultura.gov.it\/en\/#\/schema\/logo\/image\/","url":"https:\/\/casanatense.cultura.gov.it\/wp-content\/uploads\/2024\/03\/logo-casanatense-mibact.png","contentUrl":"https:\/\/casanatense.cultura.gov.it\/wp-content\/uploads\/2024\/03\/logo-casanatense-mibact.png","width":250,"height":61,"caption":"Biblioteca Casanatense"},"image":{"@id":"https:\/\/casanatense.cultura.gov.it\/en\/#\/schema\/logo\/image\/"},"sameAs":["https:\/\/it-it.facebook.com\/people\/Biblioteca-Casanatense\/100064405343454\/","https:\/\/x.com\/casanatense","https:\/\/instagram.com\/bibliotecacasanatense?igshid=5hcnozoyuuy5"]},{"@type":"Person","@id":"https:\/\/casanatense.cultura.gov.it\/en\/#\/schema\/person\/3b7d6db894a0b289e171663d4dec01c8","name":"Francesco","url":"https:\/\/casanatense.cultura.gov.it\/en\/author\/francesco\/"}]}},"_links":{"self":[{"href":"https:\/\/casanatense.cultura.gov.it\/en\/wp-json\/wp\/v2\/posts\/263629","targetHints":{"allow":["GET"]}}],"collection":[{"href":"https:\/\/casanatense.cultura.gov.it\/en\/wp-json\/wp\/v2\/posts"}],"about":[{"href":"https:\/\/casanatense.cultura.gov.it\/en\/wp-json\/wp\/v2\/types\/post"}],"author":[{"embeddable":true,"href":"https:\/\/casanatense.cultura.gov.it\/en\/wp-json\/wp\/v2\/users\/160"}],"replies":[{"embeddable":true,"href":"https:\/\/casanatense.cultura.gov.it\/en\/wp-json\/wp\/v2\/comments?post=263629"}],"version-history":[{"count":6,"href":"https:\/\/casanatense.cultura.gov.it\/en\/wp-json\/wp\/v2\/posts\/263629\/revisions"}],"predecessor-version":[{"id":263641,"href":"https:\/\/casanatense.cultura.gov.it\/en\/wp-json\/wp\/v2\/posts\/263629\/revisions\/263641"}],"wp:attachment":[{"href":"https:\/\/casanatense.cultura.gov.it\/en\/wp-json\/wp\/v2\/media?parent=263629"}],"wp:term":[{"taxonomy":"category","embeddable":true,"href":"https:\/\/casanatense.cultura.gov.it\/en\/wp-json\/wp\/v2\/categories?post=263629"},{"taxonomy":"post_tag","embeddable":true,"href":"https:\/\/casanatense.cultura.gov.it\/en\/wp-json\/wp\/v2\/tags?post=263629"}],"curies":[{"name":"wp","href":"https:\/\/api.w.org\/{rel}","templated":true}]}}