{"id":259040,"date":"2020-05-20T16:09:16","date_gmt":"2020-05-20T14:09:16","guid":{"rendered":"https:\/\/casanatense.cultura.gov.it\/sin-categorizar\/fotos-de-epoca-en-el-casanatense\/"},"modified":"2024-08-29T12:25:37","modified_gmt":"2024-08-29T10:25:37","slug":"fotos-de-epoca-en-el-casanatense","status":"publish","type":"post","link":"https:\/\/casanatense.cultura.gov.it\/es\/editoriales\/fotos-de-epoca-en-el-casanatense\/","title":{"rendered":"Fotos de \u00e9poca en el Casanatense"},"content":{"rendered":"<p>[et_pb_section fb_built=\u00bb1&#8243; admin_label=\u00bbsection\u00bb _builder_version=\u00bb4.16&#8243; global_colors_info=\u00bb{}\u00bb theme_builder_area=\u00bbpost_content\u00bb da_is_popup=\u00bboff\u00bb da_exit_intent=\u00bboff\u00bb da_has_close=\u00bbon\u00bb da_alt_close=\u00bboff\u00bb da_dark_close=\u00bboff\u00bb da_not_modal=\u00bbon\u00bb da_is_singular=\u00bboff\u00bb da_with_loader=\u00bboff\u00bb da_has_shadow=\u00bbon\u00bb da_disable_devices=\u00bboff|off|off\u00bb][et_pb_row admin_label=\u00bbrow\u00bb _builder_version=\u00bb4.16&#8243; background_size=\u00bbinitial\u00bb background_position=\u00bbtop_left\u00bb background_repeat=\u00bbrepeat\u00bb global_colors_info=\u00bb{}\u00bb theme_builder_area=\u00bbpost_content\u00bb][et_pb_column type=\u00bb4_4&#8243; _builder_version=\u00bb4.16&#8243; custom_padding=\u00bb|||\u00bb global_colors_info=\u00bb{}\u00bb custom_padding__hover=\u00bb|||\u00bb theme_builder_area=\u00bbpost_content\u00bb][et_pb_text admin_label=\u00bbText\u00bb _builder_version=\u00bb4.27.0&#8243; background_size=\u00bbinitial\u00bb background_position=\u00bbtop_left\u00bb background_repeat=\u00bbrepeat\u00bb hover_enabled=\u00bb0&#8243; global_colors_info=\u00bb{}\u00bb theme_builder_area=\u00bbpost_content\u00bb sticky_enabled=\u00bb0&#8243;]<\/p>\n<p>por <em>Laura Giallombardo<\/em><\/p>\n<p><strong>Fondo Manodori Sagredo  <\/strong><\/p>\n<p><img decoding=\"async\" class=\"alignleft size-medium wp-image-3155\" src=\"http:\/\/casanatense.cultura.gov.it\/wp-content\/uploads\/2020\/05\/copertina-foto-300x265.jpg\" alt=\"\" width=\"300\" height=\"265\" srcset=\"https:\/\/casanatense.cultura.gov.it\/wp-content\/uploads\/2020\/05\/copertina-foto-300x265.jpg 300w, https:\/\/casanatense.cultura.gov.it\/wp-content\/uploads\/2020\/05\/copertina-foto.jpg 465w\" sizes=\"(max-width: 300px) 100vw, 300px\" \/>Una colecci\u00f3n de fotograf\u00edas de \u00e9poca, unas 1165 entre positivos, positivos estereosc\u00f3picos, diapositivas estereosc\u00f3picas, postales y un estereoscopio <em>Underwood &amp; Underwood<\/em>, componen el Fondo Manodori Sagredo conservado en el archivo fotogr\u00e1fico de la Biblioteca Casanatense.<br \/>\nLa Biblioteca lo adquiri\u00f3 en 1995 a Alberto Manodori Sagredo, nieto de Alberto (1866-1935) Prefecto del Reino y apasionado coleccionista de fotograf\u00edas.<br \/>\nLas fotograf\u00edas, en alb\u00famina y gelatina de bromuro de plata, son en color y en blanco y negro y datan de entre la segunda mitad del siglo XIX y principios del siglo XX.  <\/p>\n<p>La colecci\u00f3n es variada e interesante, los temas retratados son numerosos; un n\u00famero considerable son retratos: individuales, de grupo y de familia; igualmente numerosas son las fotos de viajes, paisajes y monumentos, seguidas de escenas de vacaciones a la orilla del mar y en la monta\u00f1a, fotos tomadas en Am\u00e9rica por inmigrantes a principios del nuevo siglo, escenas de la vida cotidiana ambientadas en estudios y escenas de teatro.<\/p>\n<p>Los retratos individuales y familiares, utilizados inicialmente por las clases m\u00e1s acomodadas, m\u00e1s tarde tambi\u00e9n por las m\u00e1s modestas, muestran a ni\u00f1os, adolescentes, hombres y mujeres de todas las edades y clases sociales y a familias enteras posando en estudios fotogr\u00e1ficos o al aire libre, retratados de medio cuerpo, cuerpo entero o tres cuartos.<br \/>\nLlevan firmas prestigiosas como las de los F.lli Alinari, de Giacomo y Carlo Brogi de Florencia, retratistas de refinada calidad; de Alessandro Duroni de Mil\u00e1n, fot\u00f3grafo de los mayores exponentes del Risorgimento; de F.lli Angiolini de Bolonia, de De Simoni y Coniugi Can\u00e8 de Roma, de Francesco Scattola de Venecia y de muchos otros.<br \/>\nEl formato utilizado es la <em>carte de visite<\/em> con un soporte de cart\u00f3n decorado con frisos que a menudo llevan, en el anverso y el reverso, la marca del fot\u00f3grafo, los m\u00e9ritos adquiridos y, escritas a bol\u00edgrafo o l\u00e1piz, dedicatorias y notas manuscritas.  <\/p>\n<div>\n<div><\/div>\n<\/div>\n<p><img decoding=\"async\" class=\"alignleft size-medium wp-image-3161\" src=\"http:\/\/casanatense.cultura.gov.it\/wp-content\/uploads\/2020\/05\/foto6-194x300.jpg\" alt=\"\" width=\"194\" height=\"300\" srcset=\"https:\/\/casanatense.cultura.gov.it\/wp-content\/uploads\/2020\/05\/foto6-194x300.jpg 194w, https:\/\/casanatense.cultura.gov.it\/wp-content\/uploads\/2020\/05\/foto6.jpg 310w\" sizes=\"(max-width: 194px) 100vw, 194px\" \/>Entre los retratos individuales figuran personalidades como Otto Von Bismarck, Costantino Nigra, Ricciotti, hijo de Garibaldi; actrices y actores de teatro como Ermete Zacconi, Juliette Beaumaire, Madame Favart, Guido Graziosi y Giulietta d&#8217;Arienzo; y muchos ni\u00f1os como \u00abFausta Besi\u00bb vestida de holandesa, \u00abImelda Celeste Vagnozzi\u00bb disfrazada de Arlequ\u00edn y el retrato de una ni\u00f1a con arpa, sin duda uno de los mejores.<\/p>\n<p>Los retratos de grupo incluyen una foto de un joven Eugenio Pacelli, futuro Papa P\u00edo XII, con un grupo de amigos en los prados de Monte Mario; la foto de recuerdo de los \u00abcompa\u00f1eros del Normal III C\u00bb, retratos de grupos escolares, y retratos extempor\u00e1neos como madres y ni\u00f1os paseando por el parque, los \u00abnativos armados en el \u00c1frica oriental italiana\u00bb, turistas de viaje, ba\u00f1istas a la orilla del mar, peregrinos esperando una bendici\u00f3n en Lourdes, mujeres apoyadas en el Muro de las Lamentaciones de Jerusal\u00e9n, etc.<\/p>\n<p>Un grupo conspicuo son las fotograf\u00edas de viajes, resultado del creciente inter\u00e9s de la clase aristocr\u00e1tica y de la alta burgues\u00eda de la \u00e9poca por pa\u00edses desconocidos cercanos y lejanos.<br \/>\nSon vistas, paisajes y monumentos de muchos pa\u00edses europeos y m\u00e1s all\u00e1, como Italia, Francia, Espa\u00f1a, Portugal, Inglaterra, Irlanda, Suiza, B\u00e9lgica, Holanda, Alemania, Austria, Grecia, Jap\u00f3n, Turqu\u00eda, Rusia, Siria, Argelia, T\u00fanez, Marruecos y Egipto.<br \/>\nEn estas fotos aparecen las firmas de grandes fot\u00f3grafos y editores como F.lli Alinari y Brogi, Adolphe Block, Ernest Lamy, Albert Papeghin, Jules Marinier, Ernest Le Deley, la empresa N.P.G. (Neue Photographische Gesellschaft), etc. La mayor\u00eda son reproducciones estereosc\u00f3picas y postales.    <img decoding=\"async\" class=\"size-medium wp-image-3156 alignright\" src=\"http:\/\/casanatense.cultura.gov.it\/wp-content\/uploads\/2020\/05\/foto1-300x148.jpg\" alt=\"\" width=\"300\" height=\"148\" srcset=\"https:\/\/casanatense.cultura.gov.it\/wp-content\/uploads\/2020\/05\/foto1-300x148.jpg 300w, https:\/\/casanatense.cultura.gov.it\/wp-content\/uploads\/2020\/05\/foto1.jpg 640w\" sizes=\"(max-width: 300px) 100vw, 300px\" \/>Las fotograf\u00edas estereosc\u00f3picas -que se pegan en un \u00fanico soporte de cart\u00f3n- son dos im\u00e1genes \u00abgemelas\u00bb tomadas con c\u00e1maras con dos objetivos que est\u00e1n a unos 7 cm de distancia, como la distancia interpupilar y, cuando se observan con un estereoscopio, ofrecen una \u00fanica imagen tridimensional con la ilusi\u00f3n \u00f3ptica del relieve y la profundidad.<br \/>\nLa tarjeta postal, en cambio, que tiene la escritura estampada en el reverso del soporte, no tiene las caracter\u00edsticas de una postal \u00abde viaje\u00bb, sino las de una simple postal. <\/p>\n<div>\n<div><\/div>\n<\/div>\n<p><img decoding=\"async\" class=\"alignleft size-medium wp-image-3158\" src=\"http:\/\/casanatense.cultura.gov.it\/wp-content\/uploads\/2020\/05\/foto3-189x300.jpg\" alt=\"\" width=\"189\" height=\"300\" srcset=\"https:\/\/casanatense.cultura.gov.it\/wp-content\/uploads\/2020\/05\/foto3-189x300.jpg 189w, https:\/\/casanatense.cultura.gov.it\/wp-content\/uploads\/2020\/05\/foto3.jpg 301w\" sizes=\"(max-width: 189px) 100vw, 189px\" \/>La colecci\u00f3n de fotograf\u00edas egipcias* merece especial atenci\u00f3n.<br \/>\nHay unas 126 fotos con vistas y monumentos de las ciudades m\u00e1s antiguas: Luxor, Karnak, Alejandr\u00eda, Guiza, El Cairo, las Pir\u00e1mides, los Templos, los Colosos de Memnon, las Tumbas de los Mamelucos, el Nilo, etc&#8230; y, para adentrarse en el esp\u00edritu y la esencia profunda del lugar, los fot\u00f3grafos no omiten escenas de la vida cotidiana: vistas de barrios y pueblos, mercados, ferias, vendedores ambulantes, pastores con sus reba\u00f1os, etc. <\/p>\n<p>La clase aristocr\u00e1tica y la alta burgues\u00eda, a finales del siglo XIX y principios del XX, estaban fascinadas por el descubrimiento de civilizaciones desconocidas, distantes de su propia forma de vivir y pensar. Les encantaba viajar, explorar lugares lejanos y fotografiar o comprar fotos de recuerdo de los lugares que hab\u00edan visitado o quer\u00edan visitar.<br \/>\nMuchos fot\u00f3grafos profesionales se convirtieron en exploradores aventureros y adquirieron gran experiencia y prestigio internacional.<br \/>\nHay numerosas firmas de autores y editores, como las del ingl\u00e9s Francis Frith, el estadounidense Benjamin W. Kilburn, el austriaco Rudolf Lehnert y su socio Heinrich Landrock, la Neue Photographischen Gesellschaft de Berl\u00edn y Underwood &amp; Underwood, la mayor empresa de distribuci\u00f3n estadounidense (que produjo unos diez millones de copias estereosc\u00f3picas); firmas que encontramos en muchos ejemplares de nuestra colecci\u00f3n.  <\/p>\n<p>No hay que olvidar en nuestra colecci\u00f3n las doce fotograf\u00edas en blanco y negro de la Exposici\u00f3n Universal de Par\u00eds de 1900, incluidas en una <em>bolsa de recuerdo<\/em>, y una fotograf\u00eda de la Exposici\u00f3n Universal de Londres de 1862.<\/p>\n<p><img decoding=\"async\" class=\"alignleft size-medium wp-image-3167\" src=\"http:\/\/casanatense.cultura.gov.it\/wp-content\/uploads\/2020\/05\/foto12-300x150.jpg\" alt=\"\" width=\"300\" height=\"150\" srcset=\"https:\/\/casanatense.cultura.gov.it\/wp-content\/uploads\/2020\/05\/foto12-300x150.jpg 300w, https:\/\/casanatense.cultura.gov.it\/wp-content\/uploads\/2020\/05\/foto12.jpg 640w\" sizes=\"(max-width: 300px) 100vw, 300px\" \/>Por \u00faltimo, un grupo de fotograf\u00edas muy interesantes representan \u00abescenas de g\u00e9nero\u00bb reproducidas en el estudio o escenas teatrales de obras representadas en los teatros de la \u00e9poca.<br \/>\nSon estereosc\u00f3picas, algunas de ellas diapositivas coloreadas a mano en las que el color resalta al dejar que la luz se filtre por el reverso: el efecto es muy llamativo.<br \/>\nCada foto tiene un t\u00edtulo impreso en el soporte secundario: \u00abVestirse para el baile\u00bb, por ejemplo, muestra a unas j\u00f3venes prepar\u00e1ndose para el baile; \u00abEl sal\u00f3n de baile &#8211; La bella del baile\u00bb muestra a la bella del baile cortejada por unos j\u00f3venes; \u00abCendrillon.<br \/>\nLa cour d&#8217; amour&#8217; &#8216;La biche au bois.<br \/>\nBallet des carpes\u00bb \u00abL&#8217; Africaine\u00bb y otros, son los t\u00edtulos de fotograf\u00edas que representan escenas de comedias que, en aquella \u00e9poca, se representaban en los principales teatros parisinos.    <\/p>\n<div>El Fondo Manodori Sagredo ha sido catalogado y digitalizado, se puede consultar en el Opac de la Biblioteca y se puede acceder a \u00e9l a trav\u00e9s de la opci\u00f3n de men\u00fa \u00abMaterial fotogr\u00e1fico\u00bb.<\/div>\n<div>\n<hr>\n<div>* M. Guadagno, <em>Il Fondo Fotografico Egizio della Biblioteca Casanatense<\/em>, Tesis de Licenciatura en Historia y T\u00e9cnica de la Fotograf\u00eda.<br \/>\nUniversidad de Roma Tor Vergata.<br \/>\nFacultad de Letras y Filosof\u00eda, Curso de Licenciatura para Operadores Tur\u00edsticos.<br \/>\nCurso acad\u00e9mico 2005\/2006.<br \/>\n175 p.    <\/div>\n<\/div>\n<p>[\/et_pb_text][\/et_pb_column][\/et_pb_row][\/et_pb_section]<\/p>\n","protected":false},"excerpt":{"rendered":"<p>[et_pb_section fb_built=\u00bb1&#8243; admin_label=\u00bbsection\u00bb _builder_version=\u00bb4.16&#8243; global_colors_info=\u00bb{}\u00bb theme_builder_area=\u00bbpost_content\u00bb da_is_popup=\u00bboff\u00bb da_exit_intent=\u00bboff\u00bb da_has_close=\u00bbon\u00bb da_alt_close=\u00bboff\u00bb da_dark_close=\u00bboff\u00bb da_not_modal=\u00bbon\u00bb da_is_singular=\u00bboff\u00bb da_with_loader=\u00bboff\u00bb da_has_shadow=\u00bbon\u00bb da_disable_devices=\u00bboff|off|off\u00bb][et_pb_row admin_label=\u00bbrow\u00bb _builder_version=\u00bb4.16&#8243; background_size=\u00bbinitial\u00bb background_position=\u00bbtop_left\u00bb background_repeat=\u00bbrepeat\u00bb global_colors_info=\u00bb{}\u00bb theme_builder_area=\u00bbpost_content\u00bb][et_pb_column type=\u00bb4_4&#8243; _builder_version=\u00bb4.16&#8243; custom_padding=\u00bb|||\u00bb global_colors_info=\u00bb{}\u00bb custom_padding__hover=\u00bb|||\u00bb theme_builder_area=\u00bbpost_content\u00bb][et_pb_text admin_label=\u00bbText\u00bb [&hellip;]<\/p>\n","protected":false},"author":1,"featured_media":259041,"comment_status":"open","ping_status":"open","sticky":false,"template":"","format":"standard","meta":{"_et_pb_use_builder":"","_et_pb_old_content":"","_et_gb_content_width":"","_price":"","_stock":"","_tribe_ticket_header":"","_tribe_default_ticket_provider":"","_tribe_ticket_capacity":"0","_ticket_start_date":"","_ticket_end_date":"","_tribe_ticket_show_description":"","_tribe_ticket_show_not_going":false,"_tribe_ticket_use_global_stock":"","_tribe_ticket_global_stock_level":"","_global_stock_mode":"","_global_stock_cap":"","_tribe_rsvp_for_event":"","_tribe_ticket_going_count":"","_tribe_ticket_not_going_count":"","_tribe_tickets_list":"[]","_tribe_ticket_has_attendee_info_fields":false,"footnotes":""},"categories":[156],"tags":[],"class_list":["post-259040","post","type-post","status-publish","format-standard","has-post-thumbnail","hentry","category-editoriales"],"yoast_head":"<!-- This site is optimized with the Yoast SEO plugin v27.4 - https:\/\/yoast.com\/product\/yoast-seo-wordpress\/ -->\n<title>Fotos de \u00e9poca en el Casanatense - Casanatense<\/title>\n<meta name=\"robots\" content=\"index, follow, max-snippet:-1, max-image-preview:large, max-video-preview:-1\" \/>\n<link rel=\"canonical\" href=\"https:\/\/casanatense.cultura.gov.it\/es\/editoriales\/fotos-de-epoca-en-el-casanatense\/\" \/>\n<meta property=\"og:locale\" content=\"es_ES\" \/>\n<meta property=\"og:type\" content=\"article\" \/>\n<meta property=\"og:title\" content=\"Fotos de \u00e9poca en el Casanatense - Casanatense\" \/>\n<meta property=\"og:description\" content=\"[et_pb_section fb_built=\u00bb1&#8243; admin_label=\u00bbsection\u00bb _builder_version=\u00bb4.16&#8243; global_colors_info=\u00bb{}\u00bb theme_builder_area=\u00bbpost_content\u00bb da_is_popup=\u00bboff\u00bb da_exit_intent=\u00bboff\u00bb da_has_close=\u00bbon\u00bb da_alt_close=\u00bboff\u00bb da_dark_close=\u00bboff\u00bb da_not_modal=\u00bbon\u00bb da_is_singular=\u00bboff\u00bb da_with_loader=\u00bboff\u00bb da_has_shadow=\u00bbon\u00bb da_disable_devices=\u00bboff|off|off\u00bb][et_pb_row admin_label=\u00bbrow\u00bb _builder_version=\u00bb4.16&#8243; background_size=\u00bbinitial\u00bb background_position=\u00bbtop_left\u00bb background_repeat=\u00bbrepeat\u00bb global_colors_info=\u00bb{}\u00bb theme_builder_area=\u00bbpost_content\u00bb][et_pb_column type=\u00bb4_4&#8243; _builder_version=\u00bb4.16&#8243; custom_padding=\u00bb|||\u00bb global_colors_info=\u00bb{}\u00bb custom_padding__hover=\u00bb|||\u00bb theme_builder_area=\u00bbpost_content\u00bb][et_pb_text admin_label=\u00bbText\u00bb [&hellip;]\" \/>\n<meta property=\"og:url\" content=\"https:\/\/casanatense.cultura.gov.it\/es\/editoriales\/fotos-de-epoca-en-el-casanatense\/\" \/>\n<meta property=\"og:site_name\" content=\"Casanatense\" \/>\n<meta property=\"article:publisher\" content=\"https:\/\/it-it.facebook.com\/people\/Biblioteca-Casanatense\/100064405343454\/\" \/>\n<meta property=\"article:published_time\" content=\"2020-05-20T14:09:16+00:00\" \/>\n<meta property=\"article:modified_time\" content=\"2024-08-29T10:25:37+00:00\" \/>\n<meta property=\"og:image\" content=\"https:\/\/casanatense.cultura.gov.it\/wp-content\/uploads\/2020\/05\/copertina-foto.jpg\" \/>\n\t<meta property=\"og:image:width\" content=\"465\" \/>\n\t<meta property=\"og:image:height\" content=\"411\" \/>\n\t<meta property=\"og:image:type\" content=\"image\/jpeg\" \/>\n<meta name=\"author\" content=\"Administrator\" \/>\n<meta name=\"twitter:card\" content=\"summary_large_image\" \/>\n<meta name=\"twitter:creator\" content=\"@casanatense\" \/>\n<meta name=\"twitter:site\" content=\"@casanatense\" \/>\n<meta name=\"twitter:label1\" content=\"Escrito por\" \/>\n\t<meta name=\"twitter:data1\" content=\"Administrator\" \/>\n\t<meta name=\"twitter:label2\" content=\"Tiempo de lectura\" \/>\n\t<meta name=\"twitter:data2\" content=\"7 minutos\" \/>\n<script type=\"application\/ld+json\" class=\"yoast-schema-graph\">{\"@context\":\"https:\\\/\\\/schema.org\",\"@graph\":[{\"@type\":\"Article\",\"@id\":\"https:\\\/\\\/casanatense.cultura.gov.it\\\/es\\\/editoriales\\\/fotos-de-epoca-en-el-casanatense\\\/#article\",\"isPartOf\":{\"@id\":\"https:\\\/\\\/casanatense.cultura.gov.it\\\/es\\\/editoriales\\\/fotos-de-epoca-en-el-casanatense\\\/\"},\"author\":{\"name\":\"Administrator\",\"@id\":\"https:\\\/\\\/casanatense.cultura.gov.it\\\/es\\\/#\\\/schema\\\/person\\\/f1311c8da130dd73785bad80152cc604\"},\"headline\":\"Fotos de \u00e9poca en el Casanatense\",\"datePublished\":\"2020-05-20T14:09:16+00:00\",\"dateModified\":\"2024-08-29T10:25:37+00:00\",\"mainEntityOfPage\":{\"@id\":\"https:\\\/\\\/casanatense.cultura.gov.it\\\/es\\\/editoriales\\\/fotos-de-epoca-en-el-casanatense\\\/\"},\"wordCount\":1365,\"commentCount\":0,\"publisher\":{\"@id\":\"https:\\\/\\\/casanatense.cultura.gov.it\\\/es\\\/#organization\"},\"image\":{\"@id\":\"https:\\\/\\\/casanatense.cultura.gov.it\\\/es\\\/editoriales\\\/fotos-de-epoca-en-el-casanatense\\\/#primaryimage\"},\"thumbnailUrl\":\"https:\\\/\\\/casanatense.cultura.gov.it\\\/wp-content\\\/uploads\\\/2020\\\/05\\\/copertina-foto.jpg\",\"articleSection\":[\"Editoriales\"],\"inLanguage\":\"es\",\"potentialAction\":[{\"@type\":\"CommentAction\",\"name\":\"Comment\",\"target\":[\"https:\\\/\\\/casanatense.cultura.gov.it\\\/es\\\/editoriales\\\/fotos-de-epoca-en-el-casanatense\\\/#respond\"]}]},{\"@type\":\"WebPage\",\"@id\":\"https:\\\/\\\/casanatense.cultura.gov.it\\\/es\\\/editoriales\\\/fotos-de-epoca-en-el-casanatense\\\/\",\"url\":\"https:\\\/\\\/casanatense.cultura.gov.it\\\/es\\\/editoriales\\\/fotos-de-epoca-en-el-casanatense\\\/\",\"name\":\"Fotos de \u00e9poca en el Casanatense - Casanatense\",\"isPartOf\":{\"@id\":\"https:\\\/\\\/casanatense.cultura.gov.it\\\/es\\\/#website\"},\"primaryImageOfPage\":{\"@id\":\"https:\\\/\\\/casanatense.cultura.gov.it\\\/es\\\/editoriales\\\/fotos-de-epoca-en-el-casanatense\\\/#primaryimage\"},\"image\":{\"@id\":\"https:\\\/\\\/casanatense.cultura.gov.it\\\/es\\\/editoriales\\\/fotos-de-epoca-en-el-casanatense\\\/#primaryimage\"},\"thumbnailUrl\":\"https:\\\/\\\/casanatense.cultura.gov.it\\\/wp-content\\\/uploads\\\/2020\\\/05\\\/copertina-foto.jpg\",\"datePublished\":\"2020-05-20T14:09:16+00:00\",\"dateModified\":\"2024-08-29T10:25:37+00:00\",\"breadcrumb\":{\"@id\":\"https:\\\/\\\/casanatense.cultura.gov.it\\\/es\\\/editoriales\\\/fotos-de-epoca-en-el-casanatense\\\/#breadcrumb\"},\"inLanguage\":\"es\",\"potentialAction\":[{\"@type\":\"ReadAction\",\"target\":[\"https:\\\/\\\/casanatense.cultura.gov.it\\\/es\\\/editoriales\\\/fotos-de-epoca-en-el-casanatense\\\/\"]}]},{\"@type\":\"ImageObject\",\"inLanguage\":\"es\",\"@id\":\"https:\\\/\\\/casanatense.cultura.gov.it\\\/es\\\/editoriales\\\/fotos-de-epoca-en-el-casanatense\\\/#primaryimage\",\"url\":\"https:\\\/\\\/casanatense.cultura.gov.it\\\/wp-content\\\/uploads\\\/2020\\\/05\\\/copertina-foto.jpg\",\"contentUrl\":\"https:\\\/\\\/casanatense.cultura.gov.it\\\/wp-content\\\/uploads\\\/2020\\\/05\\\/copertina-foto.jpg\",\"width\":465,\"height\":411},{\"@type\":\"BreadcrumbList\",\"@id\":\"https:\\\/\\\/casanatense.cultura.gov.it\\\/es\\\/editoriales\\\/fotos-de-epoca-en-el-casanatense\\\/#breadcrumb\",\"itemListElement\":[{\"@type\":\"ListItem\",\"position\":1,\"name\":\"Home\",\"item\":\"https:\\\/\\\/casanatense.cultura.gov.it\\\/es\\\/\"},{\"@type\":\"ListItem\",\"position\":2,\"name\":\"Fotos de \u00e9poca en el Casanatense\"}]},{\"@type\":\"WebSite\",\"@id\":\"https:\\\/\\\/casanatense.cultura.gov.it\\\/es\\\/#website\",\"url\":\"https:\\\/\\\/casanatense.cultura.gov.it\\\/es\\\/\",\"name\":\"Casanatense\",\"description\":\"Il sito della Biblioteca Casanatense\",\"publisher\":{\"@id\":\"https:\\\/\\\/casanatense.cultura.gov.it\\\/es\\\/#organization\"},\"potentialAction\":[{\"@type\":\"SearchAction\",\"target\":{\"@type\":\"EntryPoint\",\"urlTemplate\":\"https:\\\/\\\/casanatense.cultura.gov.it\\\/es\\\/?s={search_term_string}\"},\"query-input\":{\"@type\":\"PropertyValueSpecification\",\"valueRequired\":true,\"valueName\":\"search_term_string\"}}],\"inLanguage\":\"es\"},{\"@type\":\"Organization\",\"@id\":\"https:\\\/\\\/casanatense.cultura.gov.it\\\/es\\\/#organization\",\"name\":\"Biblioteca Casanatense\",\"url\":\"https:\\\/\\\/casanatense.cultura.gov.it\\\/es\\\/\",\"logo\":{\"@type\":\"ImageObject\",\"inLanguage\":\"es\",\"@id\":\"https:\\\/\\\/casanatense.cultura.gov.it\\\/es\\\/#\\\/schema\\\/logo\\\/image\\\/\",\"url\":\"https:\\\/\\\/casanatense.cultura.gov.it\\\/wp-content\\\/uploads\\\/2024\\\/03\\\/logo-casanatense-mibact.png\",\"contentUrl\":\"https:\\\/\\\/casanatense.cultura.gov.it\\\/wp-content\\\/uploads\\\/2024\\\/03\\\/logo-casanatense-mibact.png\",\"width\":250,\"height\":61,\"caption\":\"Biblioteca Casanatense\"},\"image\":{\"@id\":\"https:\\\/\\\/casanatense.cultura.gov.it\\\/es\\\/#\\\/schema\\\/logo\\\/image\\\/\"},\"sameAs\":[\"https:\\\/\\\/it-it.facebook.com\\\/people\\\/Biblioteca-Casanatense\\\/100064405343454\\\/\",\"https:\\\/\\\/x.com\\\/casanatense\",\"https:\\\/\\\/instagram.com\\\/bibliotecacasanatense?igshid=5hcnozoyuuy5\"]},{\"@type\":\"Person\",\"@id\":\"https:\\\/\\\/casanatense.cultura.gov.it\\\/es\\\/#\\\/schema\\\/person\\\/f1311c8da130dd73785bad80152cc604\",\"name\":\"Administrator\",\"url\":\"https:\\\/\\\/casanatense.cultura.gov.it\\\/es\\\/author\\\/administrator\\\/\"}]}<\/script>\n<!-- \/ Yoast SEO plugin. -->","yoast_head_json":{"title":"Fotos de \u00e9poca en el Casanatense - Casanatense","robots":{"index":"index","follow":"follow","max-snippet":"max-snippet:-1","max-image-preview":"max-image-preview:large","max-video-preview":"max-video-preview:-1"},"canonical":"https:\/\/casanatense.cultura.gov.it\/es\/editoriales\/fotos-de-epoca-en-el-casanatense\/","og_locale":"es_ES","og_type":"article","og_title":"Fotos de \u00e9poca en el Casanatense - Casanatense","og_description":"[et_pb_section fb_built=\u00bb1&#8243; admin_label=\u00bbsection\u00bb _builder_version=\u00bb4.16&#8243; global_colors_info=\u00bb{}\u00bb theme_builder_area=\u00bbpost_content\u00bb da_is_popup=\u00bboff\u00bb da_exit_intent=\u00bboff\u00bb da_has_close=\u00bbon\u00bb da_alt_close=\u00bboff\u00bb da_dark_close=\u00bboff\u00bb da_not_modal=\u00bbon\u00bb da_is_singular=\u00bboff\u00bb da_with_loader=\u00bboff\u00bb da_has_shadow=\u00bbon\u00bb da_disable_devices=\u00bboff|off|off\u00bb][et_pb_row admin_label=\u00bbrow\u00bb _builder_version=\u00bb4.16&#8243; background_size=\u00bbinitial\u00bb background_position=\u00bbtop_left\u00bb background_repeat=\u00bbrepeat\u00bb global_colors_info=\u00bb{}\u00bb theme_builder_area=\u00bbpost_content\u00bb][et_pb_column type=\u00bb4_4&#8243; _builder_version=\u00bb4.16&#8243; custom_padding=\u00bb|||\u00bb global_colors_info=\u00bb{}\u00bb custom_padding__hover=\u00bb|||\u00bb theme_builder_area=\u00bbpost_content\u00bb][et_pb_text admin_label=\u00bbText\u00bb [&hellip;]","og_url":"https:\/\/casanatense.cultura.gov.it\/es\/editoriales\/fotos-de-epoca-en-el-casanatense\/","og_site_name":"Casanatense","article_publisher":"https:\/\/it-it.facebook.com\/people\/Biblioteca-Casanatense\/100064405343454\/","article_published_time":"2020-05-20T14:09:16+00:00","article_modified_time":"2024-08-29T10:25:37+00:00","og_image":[{"width":465,"height":411,"url":"https:\/\/casanatense.cultura.gov.it\/wp-content\/uploads\/2020\/05\/copertina-foto.jpg","type":"image\/jpeg"}],"author":"Administrator","twitter_card":"summary_large_image","twitter_creator":"@casanatense","twitter_site":"@casanatense","twitter_misc":{"Escrito por":"Administrator","Tiempo de lectura":"7 minutos"},"schema":{"@context":"https:\/\/schema.org","@graph":[{"@type":"Article","@id":"https:\/\/casanatense.cultura.gov.it\/es\/editoriales\/fotos-de-epoca-en-el-casanatense\/#article","isPartOf":{"@id":"https:\/\/casanatense.cultura.gov.it\/es\/editoriales\/fotos-de-epoca-en-el-casanatense\/"},"author":{"name":"Administrator","@id":"https:\/\/casanatense.cultura.gov.it\/es\/#\/schema\/person\/f1311c8da130dd73785bad80152cc604"},"headline":"Fotos de \u00e9poca en el Casanatense","datePublished":"2020-05-20T14:09:16+00:00","dateModified":"2024-08-29T10:25:37+00:00","mainEntityOfPage":{"@id":"https:\/\/casanatense.cultura.gov.it\/es\/editoriales\/fotos-de-epoca-en-el-casanatense\/"},"wordCount":1365,"commentCount":0,"publisher":{"@id":"https:\/\/casanatense.cultura.gov.it\/es\/#organization"},"image":{"@id":"https:\/\/casanatense.cultura.gov.it\/es\/editoriales\/fotos-de-epoca-en-el-casanatense\/#primaryimage"},"thumbnailUrl":"https:\/\/casanatense.cultura.gov.it\/wp-content\/uploads\/2020\/05\/copertina-foto.jpg","articleSection":["Editoriales"],"inLanguage":"es","potentialAction":[{"@type":"CommentAction","name":"Comment","target":["https:\/\/casanatense.cultura.gov.it\/es\/editoriales\/fotos-de-epoca-en-el-casanatense\/#respond"]}]},{"@type":"WebPage","@id":"https:\/\/casanatense.cultura.gov.it\/es\/editoriales\/fotos-de-epoca-en-el-casanatense\/","url":"https:\/\/casanatense.cultura.gov.it\/es\/editoriales\/fotos-de-epoca-en-el-casanatense\/","name":"Fotos de \u00e9poca en el Casanatense - Casanatense","isPartOf":{"@id":"https:\/\/casanatense.cultura.gov.it\/es\/#website"},"primaryImageOfPage":{"@id":"https:\/\/casanatense.cultura.gov.it\/es\/editoriales\/fotos-de-epoca-en-el-casanatense\/#primaryimage"},"image":{"@id":"https:\/\/casanatense.cultura.gov.it\/es\/editoriales\/fotos-de-epoca-en-el-casanatense\/#primaryimage"},"thumbnailUrl":"https:\/\/casanatense.cultura.gov.it\/wp-content\/uploads\/2020\/05\/copertina-foto.jpg","datePublished":"2020-05-20T14:09:16+00:00","dateModified":"2024-08-29T10:25:37+00:00","breadcrumb":{"@id":"https:\/\/casanatense.cultura.gov.it\/es\/editoriales\/fotos-de-epoca-en-el-casanatense\/#breadcrumb"},"inLanguage":"es","potentialAction":[{"@type":"ReadAction","target":["https:\/\/casanatense.cultura.gov.it\/es\/editoriales\/fotos-de-epoca-en-el-casanatense\/"]}]},{"@type":"ImageObject","inLanguage":"es","@id":"https:\/\/casanatense.cultura.gov.it\/es\/editoriales\/fotos-de-epoca-en-el-casanatense\/#primaryimage","url":"https:\/\/casanatense.cultura.gov.it\/wp-content\/uploads\/2020\/05\/copertina-foto.jpg","contentUrl":"https:\/\/casanatense.cultura.gov.it\/wp-content\/uploads\/2020\/05\/copertina-foto.jpg","width":465,"height":411},{"@type":"BreadcrumbList","@id":"https:\/\/casanatense.cultura.gov.it\/es\/editoriales\/fotos-de-epoca-en-el-casanatense\/#breadcrumb","itemListElement":[{"@type":"ListItem","position":1,"name":"Home","item":"https:\/\/casanatense.cultura.gov.it\/es\/"},{"@type":"ListItem","position":2,"name":"Fotos de \u00e9poca en el Casanatense"}]},{"@type":"WebSite","@id":"https:\/\/casanatense.cultura.gov.it\/es\/#website","url":"https:\/\/casanatense.cultura.gov.it\/es\/","name":"Casanatense","description":"Il sito della Biblioteca Casanatense","publisher":{"@id":"https:\/\/casanatense.cultura.gov.it\/es\/#organization"},"potentialAction":[{"@type":"SearchAction","target":{"@type":"EntryPoint","urlTemplate":"https:\/\/casanatense.cultura.gov.it\/es\/?s={search_term_string}"},"query-input":{"@type":"PropertyValueSpecification","valueRequired":true,"valueName":"search_term_string"}}],"inLanguage":"es"},{"@type":"Organization","@id":"https:\/\/casanatense.cultura.gov.it\/es\/#organization","name":"Biblioteca Casanatense","url":"https:\/\/casanatense.cultura.gov.it\/es\/","logo":{"@type":"ImageObject","inLanguage":"es","@id":"https:\/\/casanatense.cultura.gov.it\/es\/#\/schema\/logo\/image\/","url":"https:\/\/casanatense.cultura.gov.it\/wp-content\/uploads\/2024\/03\/logo-casanatense-mibact.png","contentUrl":"https:\/\/casanatense.cultura.gov.it\/wp-content\/uploads\/2024\/03\/logo-casanatense-mibact.png","width":250,"height":61,"caption":"Biblioteca Casanatense"},"image":{"@id":"https:\/\/casanatense.cultura.gov.it\/es\/#\/schema\/logo\/image\/"},"sameAs":["https:\/\/it-it.facebook.com\/people\/Biblioteca-Casanatense\/100064405343454\/","https:\/\/x.com\/casanatense","https:\/\/instagram.com\/bibliotecacasanatense?igshid=5hcnozoyuuy5"]},{"@type":"Person","@id":"https:\/\/casanatense.cultura.gov.it\/es\/#\/schema\/person\/f1311c8da130dd73785bad80152cc604","name":"Administrator","url":"https:\/\/casanatense.cultura.gov.it\/es\/author\/administrator\/"}]}},"_links":{"self":[{"href":"https:\/\/casanatense.cultura.gov.it\/es\/wp-json\/wp\/v2\/posts\/259040","targetHints":{"allow":["GET"]}}],"collection":[{"href":"https:\/\/casanatense.cultura.gov.it\/es\/wp-json\/wp\/v2\/posts"}],"about":[{"href":"https:\/\/casanatense.cultura.gov.it\/es\/wp-json\/wp\/v2\/types\/post"}],"author":[{"embeddable":true,"href":"https:\/\/casanatense.cultura.gov.it\/es\/wp-json\/wp\/v2\/users\/1"}],"replies":[{"embeddable":true,"href":"https:\/\/casanatense.cultura.gov.it\/es\/wp-json\/wp\/v2\/comments?post=259040"}],"version-history":[{"count":2,"href":"https:\/\/casanatense.cultura.gov.it\/es\/wp-json\/wp\/v2\/posts\/259040\/revisions"}],"predecessor-version":[{"id":259056,"href":"https:\/\/casanatense.cultura.gov.it\/es\/wp-json\/wp\/v2\/posts\/259040\/revisions\/259056"}],"wp:featuredmedia":[{"embeddable":true,"href":"https:\/\/casanatense.cultura.gov.it\/es\/wp-json\/wp\/v2\/media\/259041"}],"wp:attachment":[{"href":"https:\/\/casanatense.cultura.gov.it\/es\/wp-json\/wp\/v2\/media?parent=259040"}],"wp:term":[{"taxonomy":"category","embeddable":true,"href":"https:\/\/casanatense.cultura.gov.it\/es\/wp-json\/wp\/v2\/categories?post=259040"},{"taxonomy":"post_tag","embeddable":true,"href":"https:\/\/casanatense.cultura.gov.it\/es\/wp-json\/wp\/v2\/tags?post=259040"}],"curies":[{"name":"wp","href":"https:\/\/api.w.org\/{rel}","templated":true}]}}