{"id":259084,"date":"2020-05-20T12:08:32","date_gmt":"2020-05-20T10:08:32","guid":{"rendered":"https:\/\/casanatense.cultura.gov.it\/sin-categorizar\/luigi-canina-el-arquitecto-arqueologo\/"},"modified":"2024-08-29T12:29:52","modified_gmt":"2024-08-29T10:29:52","slug":"luigi-canina-el-arquitecto-arqueologo","status":"publish","type":"post","link":"https:\/\/casanatense.cultura.gov.it\/es\/editoriales\/luigi-canina-el-arquitecto-arqueologo\/","title":{"rendered":"Luigi Canina, el arquitecto arque\u00f3logo"},"content":{"rendered":"<p>[et_pb_section fb_built=\u00bb1&#8243; admin_label=\u00bbsection\u00bb _builder_version=\u00bb4.16&#8243; global_colors_info=\u00bb{}\u00bb theme_builder_area=\u00bbpost_content\u00bb da_is_popup=\u00bboff\u00bb da_exit_intent=\u00bboff\u00bb da_has_close=\u00bbon\u00bb da_alt_close=\u00bboff\u00bb da_dark_close=\u00bboff\u00bb da_not_modal=\u00bbon\u00bb da_is_singular=\u00bboff\u00bb da_with_loader=\u00bboff\u00bb da_has_shadow=\u00bbon\u00bb da_disable_devices=\u00bboff|off|off\u00bb][et_pb_row admin_label=\u00bbrow\u00bb _builder_version=\u00bb4.16&#8243; background_size=\u00bbinitial\u00bb background_position=\u00bbtop_left\u00bb background_repeat=\u00bbrepeat\u00bb global_colors_info=\u00bb{}\u00bb theme_builder_area=\u00bbpost_content\u00bb][et_pb_column type=\u00bb4_4&#8243; _builder_version=\u00bb4.16&#8243; custom_padding=\u00bb|||\u00bb global_colors_info=\u00bb{}\u00bb custom_padding__hover=\u00bb|||\u00bb theme_builder_area=\u00bbpost_content\u00bb][et_pb_text admin_label=\u00bbText\u00bb _builder_version=\u00bb4.27.0&#8243; background_size=\u00bbinitial\u00bb background_position=\u00bbtop_left\u00bb background_repeat=\u00bbrepeat\u00bb hover_enabled=\u00bb0&#8243; global_colors_info=\u00bb{}\u00bb theme_builder_area=\u00bbpost_content\u00bb sticky_enabled=\u00bb0&#8243;]<\/p>\n<p style=\"text-align: left;\"><img decoding=\"async\" class=\"wp-image-3078 alignleft\" src=\"http:\/\/casanatense.cultura.gov.it\/wp-content\/uploads\/2020\/05\/canina1-300x265.jpg\" alt=\"\" width=\"207\" height=\"183\" srcset=\"https:\/\/casanatense.cultura.gov.it\/wp-content\/uploads\/2020\/05\/canina1-300x265.jpg 300w, https:\/\/casanatense.cultura.gov.it\/wp-content\/uploads\/2020\/05\/canina1.jpg 465w\" sizes=\"(max-width: 207px) 100vw, 207px\" \/>La biblioteca casanatense posee un gran n\u00famero de obras del arquitecto Luigi Canina, distribuidas en varias ubicaciones seg\u00fan el tipo de publicaci\u00f3n.<br \/>\nMuchas de ellas han sido digitalizadas y est\u00e1n disponibles para su consulta en l\u00ednea, todas han sido catalogadas en SBN y se pueden encontrar en nuestra Opac.   <\/p>\n<p style=\"text-align: left;\">Con el deseo de dar a conocer mejor la existencia de las obras del gran arque\u00f3logo en la biblioteca, con este editorial se\u00f1alamos nuestros fondos y presentamos al personaje y sus actividades: a continuaci\u00f3n extractamos la extensa entrada del Biografico degli Italiani editado por Werner Oechslin, al que remitimos para una lectura completa.<\/p>\n<p style=\"text-align: left;\">Quinto hijo de Giacomo Camillo y Maddalena Robusti, naci\u00f3 en Casale Monferrato el 24 de octubre de 1795; se educ\u00f3 primero en el internado agustino de la cercana Valenza, donde -seg\u00fan Oreste Raggi- se manifest\u00f3 por primera vez su inter\u00e9s art\u00edstico.<br \/>\nEn 1810 se traslad\u00f3 a Tur\u00edn para estudiar arquitectura: sus maestros fueron G. Talucchi y, sobre todo, F. Bonsignore; termin\u00f3 sus estudios -interrumpidos de 1812 a 1814 por el servicio militar- en 1814.<br \/>\nTras una actividad hasta ahora desconocida, pero posiblemente al servicio de Bonsignore, que entonces preparaba los planos de la Gran Madre di Dio, se traslad\u00f3 a Roma en 1818, con una beca obtenida por recomendaci\u00f3n de Talucchi, desde donde enviar\u00eda pruebas de su actividad a Tur\u00edn.  <\/p>\n<p style=\"text-align: left;\">En Roma -seg\u00fan su amigo ingl\u00e9s T. L. Donaldson- el joven Canina habr\u00eda trabajado primero en las ilustraciones para una nueva edici\u00f3n del<em>Itinerario<\/em> de Mariano Vasi.<br \/>\nAs\u00ed, habr\u00eda tenido la oportunidad de entrar inmediatamente en contacto con A. Nibby, quien, sin embargo, edit\u00f3 ediciones posteriores de Vasi utilizando las antiguas ilustraciones.<br \/>\nPoco despu\u00e9s present\u00f3 a la Accademia di S. Luca el<em>Anfiteatro Flavio, descrito, medido y restaurado<\/em>: un trabajo hist\u00f3rico que, acompa\u00f1ado de una quincena de dibujos, fue recibido y juzgado favorablemente por los acad\u00e9micos el 28 de sept.<br \/>\n1822.<br \/>\nDe esta \u00e9poca datan sin duda sus primeras relaciones con Giuseppe Valadier, que entonces realizaba excavaciones y trabajos de restauraci\u00f3n en el Coliseo y que tal vez influy\u00f3 en el joven Canina en la elecci\u00f3n del tema de la obra presentada a la Academia.<br \/>\nLa primera orientaci\u00f3n decisiva del joven hacia la actividad de arque\u00f3logo-arquitecto, en la que se convertir\u00eda en el verdadero sucesor de Valadier, se debe sin duda a estas relaciones.     <\/p>\n<p style=\"text-align: left;\">En ese mismo 1822, Canina presentar\u00eda los primeros planos para el embellecimiento de la nueva zona adquirida por la familia Borghese para su parque hacia Valle Giulia y Via Flaminia.<br \/>\nAyudado por su mecenas Evasio Gozzani, en 1825 sucedi\u00f3 a Antonio y Marco Asprucci como arquitecto de la familia Borghese; a partir de 1830 se convirti\u00f3, despu\u00e9s de V. Fontana, arquitecto de los Borghese bajo la administraci\u00f3n del marqu\u00e9s Gozzani. <\/p>\n<p style=\"text-align: left;\">En la d\u00e9cada de 1820 complet\u00f3 las decoraciones de su villa romana para el pr\u00edncipe Camilo Borghese, ilustradas -y comparadas con las de Villa Adriana de T\u00edvoli- por el propio Canina en <em>Le nuove fabbriche della Villa Borghese denominata Pinciana,<\/em> Roma 1828.<br \/>\nA partir de 1825, construy\u00f3 dos puentes-viaductos sobre la antigua calzada de las Tres Madonas: el primero en forma de propileos egipcios flanqueados por p\u00f3rticos y dos obeliscos con inscripciones, preparadas por W. Gell, glorificando a la familia Borghese; el segundo con un arco triunfal a imitaci\u00f3n de los romanos.<br \/>\nAmbas construcciones se terminaron en 1826-27.  <\/p>\n<p style=\"text-align: left;\">Menos originales que los propileos egipcios, que representan un ejemplo v\u00e1lido del neoclasicismo de Canina y pueden leerse en el contexto de sus intereses te\u00f3ricos formulados poco despu\u00e9s, pero sin duda m\u00e1s conocidos e importantes, son los grandes propileos j\u00f3nicos que forman la entrada principal de Villa Borghese hacia Via Flaminia.<br \/>\nTras grandes dificultades, de las que da testimonio el rico epistolario de E. Gozzani, las obras se iniciaron a finales de 1827 y se terminaron en 1828.<br \/>\nLa solemne inauguraci\u00f3n del monumento tuvo lugar el 1 de agosto de 1829 y la inscripci\u00f3n se a\u00f1adi\u00f3 en 1833.<br \/>\nCon los grandes propileos, cuyo orden j\u00f3nico derivaba del templo de Posid\u00f3n sobre Sunio en Grecia, el a\u00fan joven Canina se erigi\u00f3 en uno de los mayores nuevos exponentes de la arquitectura romana.<br \/>\nLa obra se compara bien con ejemplos europeos igualmente ambiciosos: los propileos Porta Ticinese de L. Cagnola en Mil\u00e1n, de 1814; los de D. Burton en Hyde Park Corner en Londres, de 1828; los dise\u00f1ados por L. von Klenze a partir de 1817 para la K\u00f6nigsplatz de M\u00fanich.<br \/>\nCon esta obra, Canina asumi\u00f3 una posici\u00f3n importante en Roma, pero, en una \u00e9poca en la que ten\u00eda pocos nombramientos arquitect\u00f3nicos importantes, se orient\u00f3 principalmente hacia una carrera acad\u00e9mica como arque\u00f3logo, erudito y experto.     <\/p>\n<p style=\"text-align: left;\">Las obras arquitect\u00f3nicas realizadas por Canina a partir de esta \u00e9poca como arquitecto de la familia Borghese son escasas.<br \/>\nEn Villa Borghese, construy\u00f3 la discutida fuente de Esculapio (1830-33), ampli\u00f3 la calle principal del parque y, por \u00faltimo, construy\u00f3 la fachada del templo corintio, inspirada en un monumento de la V\u00eda Apia, documentando as\u00ed el constante inter\u00e9s de Canina por la arqueolog\u00eda.<br \/>\nSin embargo, tambi\u00e9n ten\u00eda muchas obligaciones como asesor de obras de ingenier\u00eda, y su inter\u00e9s por la mec\u00e1nica se remonta a esta \u00e9poca, con la invenci\u00f3n de un ascensor llamado \u00absilla mec\u00e1nica\u00bb.<br \/>\nColabor\u00f3 con el maquinista Angelo Lusvergh, dirigi\u00f3 obras hidr\u00e1ulicas junto con L. Palazzi y supervis\u00f3 la rehabilitaci\u00f3n del acueducto de Aldobrandini: en esta ocasi\u00f3n, Canina tuvo la oportunidad de estudiar los monumentos antiguos del <em>Tuscolano<\/em> y m\u00e1s tarde los public\u00f3 en la <em>Descrizione dell&#8217;antico Tuscolo,<\/em> Roma 1841 <em>.<\/em><br \/>\nM\u00e1s importantes, en el \u00e1mbito de la ingenier\u00eda hidr\u00e1ulica, son las obras de desecaci\u00f3n del lago de Castiglione di Gabi, cerca de Roma, realizadas a partir de 1837.<br \/>\n[&#8230;]     <\/p>\n<p style=\"text-align: left;\">Desde su llegada a Roma en 1818 y al mismo tiempo que su primer trabajo para el Borghese, Canina cultiv\u00f3 sus intereses arqueol\u00f3gicos.<br \/>\nCon un ensayo <em>Intorno un fragmento della marmorea Pianta Capitolina riconosciuto appartenere alle Terme di Tito,<\/em> publicado en   <em>Mem.<br \/>\nRom. de Antig\u00fcedades y Bellas Artes, <\/em>  II (1825), 4, pp. 119-128, inici\u00f3 una serie de investigaciones, que se imprimir\u00edan principalmente en el <em>Bolet\u00edn del Instituto de Correspondencia Arqueol\u00f3gica<\/em>, as\u00ed como en las <em>Memorias.<\/em><br \/>\nMucho m\u00e1s importante, sin embargo, es la impresionante serie de vol\u00famenes que comienza en 1827 con la primera parte de la<em>Arquitectura de los principales pueblos antiguos considerada en monumentos,<\/em> dedicada a la<em>arquitectura griega<\/em><em>.<\/em>  <\/p>\n<p style=\"text-align: left;\">As\u00ed comenz\u00f3 la vasta obra de Canina como historiador de la arquitectura y arque\u00f3logo, que sigui\u00f3 un plan general de publicaciones bien preparado.<br \/>\nEl amplio y ambicioso programa se deduce ya del manifiesto que precedi\u00f3 a la impresi\u00f3n de<em>Arquitectura griega <\/em>y se inscribe en la tradici\u00f3n de la historiograf\u00eda contempor\u00e1nea de J.J. Winckelmann, L. Cicognara, J.B. S\u00e9roux d&#8217;Agincourt y A. Hirt.<br \/>\nPor tanto, no es casualidad que Canina apoyara muy pronto el proyecto de una edici\u00f3n italiana de la <em>Storia dell&#8217;arte demostrada con los monumentos<\/em> de Agincourt, impresa posteriormente en Mil\u00e1n y Prato.<br \/>\nLa obra de Canina se divide en tres secciones, dedicadas al estudio de la arquitectura egipcia, griega y romana, a su vez tripartitas seg\u00fan criterios m\u00e1s metodol\u00f3gicos que otra cosa.<br \/>\n[&#8230;].    <\/p>\n<p style=\"text-align: left;\"><img decoding=\"async\" class=\"alignright size-medium wp-image-710\" src=\"http:\/\/casanatense.cultura.gov.it\/wp-content\/uploads\/2016\/02\/teatro_pompeo_pianta-173x300.jpg\" alt=\"\" width=\"173\" height=\"300\">La actividad literaria de Canina, iniciada con tanta ambici\u00f3n, est\u00e1 vinculada desde el principio a sus relaciones con el mundo de los artistas y eruditos romanos.<br \/>\nTras romper sus relaciones con Valadier cuando, siendo m\u00e1s joven, fue preferido al arquitecto mayor para las obras de<em>Villa Borghese<\/em>, Canina encontr\u00f3 otras oportunidades de entrar en contacto con el medio erudito fuera de la Accademia di S. Luca: conoci\u00f3 a Nibby -si no ya en 1818- con motivo de la edici\u00f3n de <em>Monumentos selectos de Villa Borghese<\/em> y a Luigi Marini, que puso su biblioteca a su disposici\u00f3n.<br \/>\nQuiz\u00e1 se debiera tambi\u00e9n a este conocimiento el que decidiera crear su propia imprenta y calcograf\u00eda, empresa que permiti\u00f3 a Canina publicar sus obras a un ritmo r\u00e1pido y que pronto le granje\u00f3 la estima general.<br \/>\nEntre otras cosas, tuvo el m\u00e9rito de ser de los primeros en Roma en introducir los nuevos tipos bodonianos.<br \/>\nEl propio \u00e9xito de la producci\u00f3n cient\u00edfica de Canina se bas\u00f3 esencialmente en el funcionamiento de su imprenta, que continu\u00f3, al menos parcialmente, incluso despu\u00e9s de la censura general de 1849 por parte del Vaticano.    <\/p>\n<p style=\"text-align: left;\">La actividad de Canina tambi\u00e9n est\u00e1 vinculada a la vida de diversas instituciones romanas.<br \/>\nMiembro del Instituto de Correspondencia Arqueol\u00f3gica desde su fundaci\u00f3n (1829), en 1830 fue llamado a formar parte de su junta directiva.<br \/>\n[&#8230;]  <\/p>\n<p style=\"text-align: left;\">Con sus trabajos de excavaci\u00f3n, Canina ampli\u00f3 sus investigaciones arqueol\u00f3gicas a la Campagna romana.<br \/>\nFruto de estas investigaciones son, adem\u00e1s de las mencionadas, las siguientes publicaciones: <em>Descrizione di Cere antica <\/em>(Roma 1838), <em>Esposizione storica della Campagna romana antica <\/em>(ib\u00edd. 1839), <em>Descrizione dell&#8217;antico Tuscolo <\/em>(ib\u00edd. 1841), la <em>Pianta della Campagna romana <\/em>(ib\u00edd. 1843), <em>L&#8217;antica citt\u00e0 di Veij descritta e dimostrata con i monumenti <\/em>(ib\u00edd. 1847), <em>L&#8217;antica Etruria Marittima&#8230;, <\/em><em>descritta ed illustrata con i monumenti <\/em>(ib\u00edd. 1851). <\/p>\n<p style=\"text-align: left;\">De su actividad de excavaci\u00f3n e investigaci\u00f3n dedicada al conjunto monumental de la v\u00eda Appia, son testigos los ensayos publicados<br \/>\nen los <em>Anales del Instituto <\/em>en 1852 y 1853, y sobre todo <em>La prima parte della via Appia, <\/em><em>dalla porta Capena a Boville, <\/em><em>descritta e dimostrata con i monumenti sopravvissiti,<\/em> publicado en Roma en 1853<em>.<\/em>  <\/p>\n<p style=\"text-align: left;\">En 1842 comenz\u00f3 el periodo que conducir\u00eda a Canina a contactos internacionales y a la realizaci\u00f3n de nuevos proyectos de construcci\u00f3n: ese a\u00f1o acompa\u00f1\u00f3 a la reina Mar\u00eda Cristina a Tur\u00edn tras su estancia en Roma.<br \/>\nAl caer enfermo, fue alojado en el palacio Chiablese; aqu\u00ed naci\u00f3 el proyecto de reconstrucci\u00f3n de la catedral de Tur\u00edn: <em>Ricerche sull&#8217;architettura pi\u00f9 propria dei tempi cristiani, <\/em><em>ed applicazione della medesima ad una idea di sostituzione della Chiesa cattedrale di S. Giovanni in Torino <\/em>(Roma 1843). <\/p>\n<p style=\"text-align: left;\">Reeditado \u00abmuy ampliado\u00bb en 1846 (tambi\u00e9n en Roma), el volumen debe considerarse sin duda la contribuci\u00f3n m\u00e1s importante de Canina a la teor\u00eda arquitect\u00f3nica del siglo XIX.<br \/>\nDocumenta su posici\u00f3n personal en el eclecticismo del siglo XIX, que se desprende de la forma en que aborda y resuelve los problemas de la arquitectura religiosa.<br \/>\nPara ello, en efecto, propone la utilizaci\u00f3n del modelo de bas\u00edlica, que ilustra mediante ejemplos de monumentos antiguos y paleocristianos y sus propios proyectos para la catedral de Tur\u00edn y el santuario de Oropa; ofrece una serie de cuatro prototipos, y llega finalmente -siempre con el tel\u00f3n de fondo de la historia que vio nacer la bas\u00edlica, seg\u00fan Canina, ya en la arquitectura egipcia- a una s\u00edntesis entre los distintos tipos de bas\u00edlicas y los modos formales cl\u00e1sicos.<br \/>\n[&#8230;]   <\/p>\n<div id=\"attachment_3077\" style=\"width: 193px\" class=\"wp-caption alignleft\"><img decoding=\"async\" aria-describedby=\"caption-attachment-3077\" class=\"wp-image-3077 size-medium\" src=\"http:\/\/casanatense.cultura.gov.it\/wp-content\/uploads\/2020\/05\/canina_catafalco_re_vittorio_emanuele_1-183x300.jpg\" alt=\"\" width=\"183\" height=\"300\" srcset=\"https:\/\/casanatense.cultura.gov.it\/wp-content\/uploads\/2020\/05\/canina_catafalco_re_vittorio_emanuele_1-183x300.jpg 183w, https:\/\/casanatense.cultura.gov.it\/wp-content\/uploads\/2020\/05\/canina_catafalco_re_vittorio_emanuele_1.jpg 293w\" sizes=\"(max-width: 183px) 100vw, 183px\" \/><p id=\"caption-attachment-3077\" class=\"wp-caption-text\">Estudios para el catafalco del rey V\u00edctor Manuel I<\/p><\/div>\n<p style=\"text-align: left;\">En Tur\u00edn, Canina fue propuesto para suceder a F. Bonsignore (fallecido en 1843) como profesor de arquitectura.<br \/>\nEn 1845 se le encarg\u00f3 la realizaci\u00f3n de los planos del santuario de Oropa. <\/p>\n<p style=\"text-align: left;\">Canina.<br \/>\nAcept\u00f3 gustoso este encargo, con la intenci\u00f3n de realizar su idea de arquitectura religiosa, sobre la que razonaba en aquel momento.<br \/>\nTerminados en 1846, los planos de Oropa se incluir\u00edan de hecho, como ya se ha dicho, en la segunda edici\u00f3n de las <em>Ricerche sull&#8217;architettura <\/em>de ese mismo a\u00f1o.<br \/>\nEn mayo de 1847 se ejecut\u00f3 la maqueta, que fue presentada a P\u00edo IX en el palacio del Quirinal el 8 de junio y transportada despu\u00e9s a Tur\u00edn y Oropa (donde se conserva en los archivos del santuario).<br \/>\nLas obras, iniciadas en 1848, se interrumpieron al a\u00f1o siguiente, pero Canina continu\u00f3 trabajando en el proyecto, y en 1856 segu\u00eda introduciendo peque\u00f1os cambios en el modelo original.<br \/>\nSu regreso de Londres en 1845 dio a C. la oportunidad de visitar R\u00e1vena, Forl\u00ec, Urbino, Pesaro y Spoleto.<br \/>\nVolvi\u00f3 de nuevo a Londres en 1851 para visitar la Exposici\u00f3n Universal.<br \/>\n[..]       <\/p>\n<p style=\"text-align: left;\">El tercer viaje a Londres de Canina fue el resultado de su encuentro con el duque de Northumberland en 1853, a trav\u00e9s del egipt\u00f3logo W. Gardner, sobre la restauraci\u00f3n del castillo de Almwick.<br \/>\nAs\u00ed, en junio de 1856, el arquitecto decidi\u00f3 viajar de nuevo a Inglaterra; parti\u00f3 con su alumno y ayudante G. Montiroli y el pintor A. Mantovani, lleg\u00f3 a Almwich tras breves escalas en Par\u00eds y Londres.<br \/>\nEntr\u00f3 en contacto con Cockerell y Th.<br \/>\nL. Donaldson, a quienes escribi\u00f3 que quer\u00eda contribuir con su trabajo en Almwick a una renovaci\u00f3n del gusto art\u00edstico.<br \/>\nTambi\u00e9n colabor\u00f3 en la reconstrucci\u00f3n exacta de los planos de Miguel \u00c1ngel para San Pedro destinados al libro <em>Ilustraciones arquitect\u00f3nicas y pict\u00f3ricas del genio de Miguel \u00c1ngel,<\/em> publicado en 1857.<br \/>\nSali\u00f3 de Londres el 23 de sept.<br \/>\n1856, lleg\u00f3 a Florencia el 12 de octubre, acogido por el P. Poccianti.<br \/>\nEl 17 de octubre muri\u00f3 y fue enterrado en S. Croce.       <\/p>\n<p>[\/et_pb_text][\/et_pb_column][\/et_pb_row][\/et_pb_section]<\/p>\n","protected":false},"excerpt":{"rendered":"<p>[et_pb_section fb_built=\u00bb1&#8243; admin_label=\u00bbsection\u00bb _builder_version=\u00bb4.16&#8243; global_colors_info=\u00bb{}\u00bb theme_builder_area=\u00bbpost_content\u00bb da_is_popup=\u00bboff\u00bb da_exit_intent=\u00bboff\u00bb da_has_close=\u00bbon\u00bb da_alt_close=\u00bboff\u00bb da_dark_close=\u00bboff\u00bb da_not_modal=\u00bbon\u00bb da_is_singular=\u00bboff\u00bb da_with_loader=\u00bboff\u00bb da_has_shadow=\u00bbon\u00bb da_disable_devices=\u00bboff|off|off\u00bb][et_pb_row admin_label=\u00bbrow\u00bb _builder_version=\u00bb4.16&#8243; background_size=\u00bbinitial\u00bb background_position=\u00bbtop_left\u00bb background_repeat=\u00bbrepeat\u00bb global_colors_info=\u00bb{}\u00bb theme_builder_area=\u00bbpost_content\u00bb][et_pb_column type=\u00bb4_4&#8243; _builder_version=\u00bb4.16&#8243; custom_padding=\u00bb|||\u00bb global_colors_info=\u00bb{}\u00bb custom_padding__hover=\u00bb|||\u00bb theme_builder_area=\u00bbpost_content\u00bb][et_pb_text admin_label=\u00bbText\u00bb [&hellip;]<\/p>\n","protected":false},"author":1,"featured_media":259087,"comment_status":"open","ping_status":"open","sticky":false,"template":"","format":"standard","meta":{"_et_pb_use_builder":"","_et_pb_old_content":"","_et_gb_content_width":"","_price":"","_stock":"","_tribe_ticket_header":"","_tribe_default_ticket_provider":"","_tribe_ticket_capacity":"0","_ticket_start_date":"","_ticket_end_date":"","_tribe_ticket_show_description":"","_tribe_ticket_show_not_going":false,"_tribe_ticket_use_global_stock":"","_tribe_ticket_global_stock_level":"","_global_stock_mode":"","_global_stock_cap":"","_tribe_rsvp_for_event":"","_tribe_ticket_going_count":"","_tribe_ticket_not_going_count":"","_tribe_tickets_list":"[]","_tribe_ticket_has_attendee_info_fields":false,"footnotes":""},"categories":[156],"tags":[],"class_list":["post-259084","post","type-post","status-publish","format-standard","has-post-thumbnail","hentry","category-editoriales"],"yoast_head":"<!-- This site is optimized with the Yoast SEO plugin v27.4 - https:\/\/yoast.com\/product\/yoast-seo-wordpress\/ -->\n<title>Luigi Canina, el arquitecto arque\u00f3logo - Casanatense<\/title>\n<meta name=\"robots\" content=\"index, follow, max-snippet:-1, max-image-preview:large, max-video-preview:-1\" \/>\n<link rel=\"canonical\" href=\"https:\/\/casanatense.cultura.gov.it\/es\/editoriales\/luigi-canina-el-arquitecto-arqueologo\/\" \/>\n<meta property=\"og:locale\" content=\"es_ES\" \/>\n<meta property=\"og:type\" content=\"article\" \/>\n<meta property=\"og:title\" content=\"Luigi Canina, el arquitecto arque\u00f3logo - Casanatense\" \/>\n<meta property=\"og:description\" content=\"[et_pb_section fb_built=\u00bb1&#8243; admin_label=\u00bbsection\u00bb _builder_version=\u00bb4.16&#8243; global_colors_info=\u00bb{}\u00bb theme_builder_area=\u00bbpost_content\u00bb da_is_popup=\u00bboff\u00bb da_exit_intent=\u00bboff\u00bb da_has_close=\u00bbon\u00bb da_alt_close=\u00bboff\u00bb da_dark_close=\u00bboff\u00bb da_not_modal=\u00bbon\u00bb da_is_singular=\u00bboff\u00bb da_with_loader=\u00bboff\u00bb da_has_shadow=\u00bbon\u00bb da_disable_devices=\u00bboff|off|off\u00bb][et_pb_row admin_label=\u00bbrow\u00bb _builder_version=\u00bb4.16&#8243; background_size=\u00bbinitial\u00bb background_position=\u00bbtop_left\u00bb background_repeat=\u00bbrepeat\u00bb global_colors_info=\u00bb{}\u00bb theme_builder_area=\u00bbpost_content\u00bb][et_pb_column type=\u00bb4_4&#8243; _builder_version=\u00bb4.16&#8243; custom_padding=\u00bb|||\u00bb global_colors_info=\u00bb{}\u00bb custom_padding__hover=\u00bb|||\u00bb theme_builder_area=\u00bbpost_content\u00bb][et_pb_text admin_label=\u00bbText\u00bb [&hellip;]\" \/>\n<meta property=\"og:url\" content=\"https:\/\/casanatense.cultura.gov.it\/es\/editoriales\/luigi-canina-el-arquitecto-arqueologo\/\" \/>\n<meta property=\"og:site_name\" content=\"Casanatense\" \/>\n<meta property=\"article:publisher\" content=\"https:\/\/it-it.facebook.com\/people\/Biblioteca-Casanatense\/100064405343454\/\" \/>\n<meta property=\"article:published_time\" content=\"2020-05-20T10:08:32+00:00\" \/>\n<meta property=\"article:modified_time\" content=\"2024-08-29T10:29:52+00:00\" \/>\n<meta property=\"og:image\" content=\"https:\/\/casanatense.cultura.gov.it\/wp-content\/uploads\/2020\/05\/canina1.jpg\" \/>\n\t<meta property=\"og:image:width\" content=\"465\" \/>\n\t<meta property=\"og:image:height\" content=\"411\" \/>\n\t<meta property=\"og:image:type\" content=\"image\/jpeg\" \/>\n<meta name=\"author\" content=\"Administrator\" \/>\n<meta name=\"twitter:card\" content=\"summary_large_image\" \/>\n<meta name=\"twitter:creator\" content=\"@casanatense\" \/>\n<meta name=\"twitter:site\" content=\"@casanatense\" \/>\n<meta name=\"twitter:label1\" content=\"Escrito por\" \/>\n\t<meta name=\"twitter:data1\" content=\"Administrator\" \/>\n\t<meta name=\"twitter:label2\" content=\"Tiempo de lectura\" \/>\n\t<meta name=\"twitter:data2\" content=\"12 minutos\" \/>\n<script type=\"application\/ld+json\" class=\"yoast-schema-graph\">{\"@context\":\"https:\\\/\\\/schema.org\",\"@graph\":[{\"@type\":\"Article\",\"@id\":\"https:\\\/\\\/casanatense.cultura.gov.it\\\/es\\\/editoriales\\\/luigi-canina-el-arquitecto-arqueologo\\\/#article\",\"isPartOf\":{\"@id\":\"https:\\\/\\\/casanatense.cultura.gov.it\\\/es\\\/editoriales\\\/luigi-canina-el-arquitecto-arqueologo\\\/\"},\"author\":{\"name\":\"Administrator\",\"@id\":\"https:\\\/\\\/casanatense.cultura.gov.it\\\/es\\\/#\\\/schema\\\/person\\\/f1311c8da130dd73785bad80152cc604\"},\"headline\":\"Luigi Canina, el arquitecto arque\u00f3logo\",\"datePublished\":\"2020-05-20T10:08:32+00:00\",\"dateModified\":\"2024-08-29T10:29:52+00:00\",\"mainEntityOfPage\":{\"@id\":\"https:\\\/\\\/casanatense.cultura.gov.it\\\/es\\\/editoriales\\\/luigi-canina-el-arquitecto-arqueologo\\\/\"},\"wordCount\":2351,\"commentCount\":0,\"publisher\":{\"@id\":\"https:\\\/\\\/casanatense.cultura.gov.it\\\/es\\\/#organization\"},\"image\":{\"@id\":\"https:\\\/\\\/casanatense.cultura.gov.it\\\/es\\\/editoriales\\\/luigi-canina-el-arquitecto-arqueologo\\\/#primaryimage\"},\"thumbnailUrl\":\"https:\\\/\\\/casanatense.cultura.gov.it\\\/wp-content\\\/uploads\\\/2020\\\/05\\\/canina1.jpg\",\"articleSection\":[\"Editoriales\"],\"inLanguage\":\"es\",\"potentialAction\":[{\"@type\":\"CommentAction\",\"name\":\"Comment\",\"target\":[\"https:\\\/\\\/casanatense.cultura.gov.it\\\/es\\\/editoriales\\\/luigi-canina-el-arquitecto-arqueologo\\\/#respond\"]}]},{\"@type\":\"WebPage\",\"@id\":\"https:\\\/\\\/casanatense.cultura.gov.it\\\/es\\\/editoriales\\\/luigi-canina-el-arquitecto-arqueologo\\\/\",\"url\":\"https:\\\/\\\/casanatense.cultura.gov.it\\\/es\\\/editoriales\\\/luigi-canina-el-arquitecto-arqueologo\\\/\",\"name\":\"Luigi Canina, el arquitecto arque\u00f3logo - Casanatense\",\"isPartOf\":{\"@id\":\"https:\\\/\\\/casanatense.cultura.gov.it\\\/es\\\/#website\"},\"primaryImageOfPage\":{\"@id\":\"https:\\\/\\\/casanatense.cultura.gov.it\\\/es\\\/editoriales\\\/luigi-canina-el-arquitecto-arqueologo\\\/#primaryimage\"},\"image\":{\"@id\":\"https:\\\/\\\/casanatense.cultura.gov.it\\\/es\\\/editoriales\\\/luigi-canina-el-arquitecto-arqueologo\\\/#primaryimage\"},\"thumbnailUrl\":\"https:\\\/\\\/casanatense.cultura.gov.it\\\/wp-content\\\/uploads\\\/2020\\\/05\\\/canina1.jpg\",\"datePublished\":\"2020-05-20T10:08:32+00:00\",\"dateModified\":\"2024-08-29T10:29:52+00:00\",\"breadcrumb\":{\"@id\":\"https:\\\/\\\/casanatense.cultura.gov.it\\\/es\\\/editoriales\\\/luigi-canina-el-arquitecto-arqueologo\\\/#breadcrumb\"},\"inLanguage\":\"es\",\"potentialAction\":[{\"@type\":\"ReadAction\",\"target\":[\"https:\\\/\\\/casanatense.cultura.gov.it\\\/es\\\/editoriales\\\/luigi-canina-el-arquitecto-arqueologo\\\/\"]}]},{\"@type\":\"ImageObject\",\"inLanguage\":\"es\",\"@id\":\"https:\\\/\\\/casanatense.cultura.gov.it\\\/es\\\/editoriales\\\/luigi-canina-el-arquitecto-arqueologo\\\/#primaryimage\",\"url\":\"https:\\\/\\\/casanatense.cultura.gov.it\\\/wp-content\\\/uploads\\\/2020\\\/05\\\/canina1.jpg\",\"contentUrl\":\"https:\\\/\\\/casanatense.cultura.gov.it\\\/wp-content\\\/uploads\\\/2020\\\/05\\\/canina1.jpg\",\"width\":465,\"height\":411},{\"@type\":\"BreadcrumbList\",\"@id\":\"https:\\\/\\\/casanatense.cultura.gov.it\\\/es\\\/editoriales\\\/luigi-canina-el-arquitecto-arqueologo\\\/#breadcrumb\",\"itemListElement\":[{\"@type\":\"ListItem\",\"position\":1,\"name\":\"Home\",\"item\":\"https:\\\/\\\/casanatense.cultura.gov.it\\\/es\\\/\"},{\"@type\":\"ListItem\",\"position\":2,\"name\":\"Luigi Canina, el arquitecto arque\u00f3logo\"}]},{\"@type\":\"WebSite\",\"@id\":\"https:\\\/\\\/casanatense.cultura.gov.it\\\/es\\\/#website\",\"url\":\"https:\\\/\\\/casanatense.cultura.gov.it\\\/es\\\/\",\"name\":\"Casanatense\",\"description\":\"Il sito della Biblioteca Casanatense\",\"publisher\":{\"@id\":\"https:\\\/\\\/casanatense.cultura.gov.it\\\/es\\\/#organization\"},\"potentialAction\":[{\"@type\":\"SearchAction\",\"target\":{\"@type\":\"EntryPoint\",\"urlTemplate\":\"https:\\\/\\\/casanatense.cultura.gov.it\\\/es\\\/?s={search_term_string}\"},\"query-input\":{\"@type\":\"PropertyValueSpecification\",\"valueRequired\":true,\"valueName\":\"search_term_string\"}}],\"inLanguage\":\"es\"},{\"@type\":\"Organization\",\"@id\":\"https:\\\/\\\/casanatense.cultura.gov.it\\\/es\\\/#organization\",\"name\":\"Biblioteca Casanatense\",\"url\":\"https:\\\/\\\/casanatense.cultura.gov.it\\\/es\\\/\",\"logo\":{\"@type\":\"ImageObject\",\"inLanguage\":\"es\",\"@id\":\"https:\\\/\\\/casanatense.cultura.gov.it\\\/es\\\/#\\\/schema\\\/logo\\\/image\\\/\",\"url\":\"https:\\\/\\\/casanatense.cultura.gov.it\\\/wp-content\\\/uploads\\\/2024\\\/03\\\/logo-casanatense-mibact.png\",\"contentUrl\":\"https:\\\/\\\/casanatense.cultura.gov.it\\\/wp-content\\\/uploads\\\/2024\\\/03\\\/logo-casanatense-mibact.png\",\"width\":250,\"height\":61,\"caption\":\"Biblioteca Casanatense\"},\"image\":{\"@id\":\"https:\\\/\\\/casanatense.cultura.gov.it\\\/es\\\/#\\\/schema\\\/logo\\\/image\\\/\"},\"sameAs\":[\"https:\\\/\\\/it-it.facebook.com\\\/people\\\/Biblioteca-Casanatense\\\/100064405343454\\\/\",\"https:\\\/\\\/x.com\\\/casanatense\",\"https:\\\/\\\/instagram.com\\\/bibliotecacasanatense?igshid=5hcnozoyuuy5\"]},{\"@type\":\"Person\",\"@id\":\"https:\\\/\\\/casanatense.cultura.gov.it\\\/es\\\/#\\\/schema\\\/person\\\/f1311c8da130dd73785bad80152cc604\",\"name\":\"Administrator\",\"url\":\"https:\\\/\\\/casanatense.cultura.gov.it\\\/es\\\/author\\\/administrator\\\/\"}]}<\/script>\n<!-- \/ Yoast SEO plugin. -->","yoast_head_json":{"title":"Luigi Canina, el arquitecto arque\u00f3logo - Casanatense","robots":{"index":"index","follow":"follow","max-snippet":"max-snippet:-1","max-image-preview":"max-image-preview:large","max-video-preview":"max-video-preview:-1"},"canonical":"https:\/\/casanatense.cultura.gov.it\/es\/editoriales\/luigi-canina-el-arquitecto-arqueologo\/","og_locale":"es_ES","og_type":"article","og_title":"Luigi Canina, el arquitecto arque\u00f3logo - Casanatense","og_description":"[et_pb_section fb_built=\u00bb1&#8243; admin_label=\u00bbsection\u00bb _builder_version=\u00bb4.16&#8243; global_colors_info=\u00bb{}\u00bb theme_builder_area=\u00bbpost_content\u00bb da_is_popup=\u00bboff\u00bb da_exit_intent=\u00bboff\u00bb da_has_close=\u00bbon\u00bb da_alt_close=\u00bboff\u00bb da_dark_close=\u00bboff\u00bb da_not_modal=\u00bbon\u00bb da_is_singular=\u00bboff\u00bb da_with_loader=\u00bboff\u00bb da_has_shadow=\u00bbon\u00bb da_disable_devices=\u00bboff|off|off\u00bb][et_pb_row admin_label=\u00bbrow\u00bb _builder_version=\u00bb4.16&#8243; background_size=\u00bbinitial\u00bb background_position=\u00bbtop_left\u00bb background_repeat=\u00bbrepeat\u00bb global_colors_info=\u00bb{}\u00bb theme_builder_area=\u00bbpost_content\u00bb][et_pb_column type=\u00bb4_4&#8243; _builder_version=\u00bb4.16&#8243; custom_padding=\u00bb|||\u00bb global_colors_info=\u00bb{}\u00bb custom_padding__hover=\u00bb|||\u00bb theme_builder_area=\u00bbpost_content\u00bb][et_pb_text admin_label=\u00bbText\u00bb [&hellip;]","og_url":"https:\/\/casanatense.cultura.gov.it\/es\/editoriales\/luigi-canina-el-arquitecto-arqueologo\/","og_site_name":"Casanatense","article_publisher":"https:\/\/it-it.facebook.com\/people\/Biblioteca-Casanatense\/100064405343454\/","article_published_time":"2020-05-20T10:08:32+00:00","article_modified_time":"2024-08-29T10:29:52+00:00","og_image":[{"width":465,"height":411,"url":"https:\/\/casanatense.cultura.gov.it\/wp-content\/uploads\/2020\/05\/canina1.jpg","type":"image\/jpeg"}],"author":"Administrator","twitter_card":"summary_large_image","twitter_creator":"@casanatense","twitter_site":"@casanatense","twitter_misc":{"Escrito por":"Administrator","Tiempo de lectura":"12 minutos"},"schema":{"@context":"https:\/\/schema.org","@graph":[{"@type":"Article","@id":"https:\/\/casanatense.cultura.gov.it\/es\/editoriales\/luigi-canina-el-arquitecto-arqueologo\/#article","isPartOf":{"@id":"https:\/\/casanatense.cultura.gov.it\/es\/editoriales\/luigi-canina-el-arquitecto-arqueologo\/"},"author":{"name":"Administrator","@id":"https:\/\/casanatense.cultura.gov.it\/es\/#\/schema\/person\/f1311c8da130dd73785bad80152cc604"},"headline":"Luigi Canina, el arquitecto arque\u00f3logo","datePublished":"2020-05-20T10:08:32+00:00","dateModified":"2024-08-29T10:29:52+00:00","mainEntityOfPage":{"@id":"https:\/\/casanatense.cultura.gov.it\/es\/editoriales\/luigi-canina-el-arquitecto-arqueologo\/"},"wordCount":2351,"commentCount":0,"publisher":{"@id":"https:\/\/casanatense.cultura.gov.it\/es\/#organization"},"image":{"@id":"https:\/\/casanatense.cultura.gov.it\/es\/editoriales\/luigi-canina-el-arquitecto-arqueologo\/#primaryimage"},"thumbnailUrl":"https:\/\/casanatense.cultura.gov.it\/wp-content\/uploads\/2020\/05\/canina1.jpg","articleSection":["Editoriales"],"inLanguage":"es","potentialAction":[{"@type":"CommentAction","name":"Comment","target":["https:\/\/casanatense.cultura.gov.it\/es\/editoriales\/luigi-canina-el-arquitecto-arqueologo\/#respond"]}]},{"@type":"WebPage","@id":"https:\/\/casanatense.cultura.gov.it\/es\/editoriales\/luigi-canina-el-arquitecto-arqueologo\/","url":"https:\/\/casanatense.cultura.gov.it\/es\/editoriales\/luigi-canina-el-arquitecto-arqueologo\/","name":"Luigi Canina, el arquitecto arque\u00f3logo - Casanatense","isPartOf":{"@id":"https:\/\/casanatense.cultura.gov.it\/es\/#website"},"primaryImageOfPage":{"@id":"https:\/\/casanatense.cultura.gov.it\/es\/editoriales\/luigi-canina-el-arquitecto-arqueologo\/#primaryimage"},"image":{"@id":"https:\/\/casanatense.cultura.gov.it\/es\/editoriales\/luigi-canina-el-arquitecto-arqueologo\/#primaryimage"},"thumbnailUrl":"https:\/\/casanatense.cultura.gov.it\/wp-content\/uploads\/2020\/05\/canina1.jpg","datePublished":"2020-05-20T10:08:32+00:00","dateModified":"2024-08-29T10:29:52+00:00","breadcrumb":{"@id":"https:\/\/casanatense.cultura.gov.it\/es\/editoriales\/luigi-canina-el-arquitecto-arqueologo\/#breadcrumb"},"inLanguage":"es","potentialAction":[{"@type":"ReadAction","target":["https:\/\/casanatense.cultura.gov.it\/es\/editoriales\/luigi-canina-el-arquitecto-arqueologo\/"]}]},{"@type":"ImageObject","inLanguage":"es","@id":"https:\/\/casanatense.cultura.gov.it\/es\/editoriales\/luigi-canina-el-arquitecto-arqueologo\/#primaryimage","url":"https:\/\/casanatense.cultura.gov.it\/wp-content\/uploads\/2020\/05\/canina1.jpg","contentUrl":"https:\/\/casanatense.cultura.gov.it\/wp-content\/uploads\/2020\/05\/canina1.jpg","width":465,"height":411},{"@type":"BreadcrumbList","@id":"https:\/\/casanatense.cultura.gov.it\/es\/editoriales\/luigi-canina-el-arquitecto-arqueologo\/#breadcrumb","itemListElement":[{"@type":"ListItem","position":1,"name":"Home","item":"https:\/\/casanatense.cultura.gov.it\/es\/"},{"@type":"ListItem","position":2,"name":"Luigi Canina, el arquitecto arque\u00f3logo"}]},{"@type":"WebSite","@id":"https:\/\/casanatense.cultura.gov.it\/es\/#website","url":"https:\/\/casanatense.cultura.gov.it\/es\/","name":"Casanatense","description":"Il sito della Biblioteca Casanatense","publisher":{"@id":"https:\/\/casanatense.cultura.gov.it\/es\/#organization"},"potentialAction":[{"@type":"SearchAction","target":{"@type":"EntryPoint","urlTemplate":"https:\/\/casanatense.cultura.gov.it\/es\/?s={search_term_string}"},"query-input":{"@type":"PropertyValueSpecification","valueRequired":true,"valueName":"search_term_string"}}],"inLanguage":"es"},{"@type":"Organization","@id":"https:\/\/casanatense.cultura.gov.it\/es\/#organization","name":"Biblioteca Casanatense","url":"https:\/\/casanatense.cultura.gov.it\/es\/","logo":{"@type":"ImageObject","inLanguage":"es","@id":"https:\/\/casanatense.cultura.gov.it\/es\/#\/schema\/logo\/image\/","url":"https:\/\/casanatense.cultura.gov.it\/wp-content\/uploads\/2024\/03\/logo-casanatense-mibact.png","contentUrl":"https:\/\/casanatense.cultura.gov.it\/wp-content\/uploads\/2024\/03\/logo-casanatense-mibact.png","width":250,"height":61,"caption":"Biblioteca Casanatense"},"image":{"@id":"https:\/\/casanatense.cultura.gov.it\/es\/#\/schema\/logo\/image\/"},"sameAs":["https:\/\/it-it.facebook.com\/people\/Biblioteca-Casanatense\/100064405343454\/","https:\/\/x.com\/casanatense","https:\/\/instagram.com\/bibliotecacasanatense?igshid=5hcnozoyuuy5"]},{"@type":"Person","@id":"https:\/\/casanatense.cultura.gov.it\/es\/#\/schema\/person\/f1311c8da130dd73785bad80152cc604","name":"Administrator","url":"https:\/\/casanatense.cultura.gov.it\/es\/author\/administrator\/"}]}},"_links":{"self":[{"href":"https:\/\/casanatense.cultura.gov.it\/es\/wp-json\/wp\/v2\/posts\/259084","targetHints":{"allow":["GET"]}}],"collection":[{"href":"https:\/\/casanatense.cultura.gov.it\/es\/wp-json\/wp\/v2\/posts"}],"about":[{"href":"https:\/\/casanatense.cultura.gov.it\/es\/wp-json\/wp\/v2\/types\/post"}],"author":[{"embeddable":true,"href":"https:\/\/casanatense.cultura.gov.it\/es\/wp-json\/wp\/v2\/users\/1"}],"replies":[{"embeddable":true,"href":"https:\/\/casanatense.cultura.gov.it\/es\/wp-json\/wp\/v2\/comments?post=259084"}],"version-history":[{"count":2,"href":"https:\/\/casanatense.cultura.gov.it\/es\/wp-json\/wp\/v2\/posts\/259084\/revisions"}],"predecessor-version":[{"id":259089,"href":"https:\/\/casanatense.cultura.gov.it\/es\/wp-json\/wp\/v2\/posts\/259084\/revisions\/259089"}],"wp:featuredmedia":[{"embeddable":true,"href":"https:\/\/casanatense.cultura.gov.it\/es\/wp-json\/wp\/v2\/media\/259087"}],"wp:attachment":[{"href":"https:\/\/casanatense.cultura.gov.it\/es\/wp-json\/wp\/v2\/media?parent=259084"}],"wp:term":[{"taxonomy":"category","embeddable":true,"href":"https:\/\/casanatense.cultura.gov.it\/es\/wp-json\/wp\/v2\/categories?post=259084"},{"taxonomy":"post_tag","embeddable":true,"href":"https:\/\/casanatense.cultura.gov.it\/es\/wp-json\/wp\/v2\/tags?post=259084"}],"curies":[{"name":"wp","href":"https:\/\/api.w.org\/{rel}","templated":true}]}}