{"id":259125,"date":"2020-04-30T12:53:38","date_gmt":"2020-04-30T10:53:38","guid":{"rendered":"https:\/\/casanatense.cultura.gov.it\/sin-categorizar\/la-crucifixion-en-el-codice-de-valois-ms-2020-del-casanatense\/"},"modified":"2024-08-29T12:35:50","modified_gmt":"2024-08-29T10:35:50","slug":"la-crucifixion-en-el-codice-de-valois-ms-2020-del-casanatense","status":"publish","type":"post","link":"https:\/\/casanatense.cultura.gov.it\/es\/editoriales\/la-crucifixion-en-el-codice-de-valois-ms-2020-del-casanatense\/","title":{"rendered":"La Crucifixi\u00f3n en el C\u00f3dice de Valois ms. 2020 del Casanatense"},"content":{"rendered":"<p>[et_pb_section fb_built=\u00bb1&#8243; admin_label=\u00bbsection\u00bb _builder_version=\u00bb4.16&#8243; global_colors_info=\u00bb{}\u00bb theme_builder_area=\u00bbpost_content\u00bb da_is_popup=\u00bboff\u00bb da_exit_intent=\u00bboff\u00bb da_has_close=\u00bbon\u00bb da_alt_close=\u00bboff\u00bb da_dark_close=\u00bboff\u00bb da_not_modal=\u00bbon\u00bb da_is_singular=\u00bboff\u00bb da_with_loader=\u00bboff\u00bb da_has_shadow=\u00bbon\u00bb da_disable_devices=\u00bboff|off|off\u00bb][et_pb_row admin_label=\u00bbrow\u00bb _builder_version=\u00bb4.16&#8243; background_size=\u00bbinitial\u00bb background_position=\u00bbtop_left\u00bb background_repeat=\u00bbrepeat\u00bb global_colors_info=\u00bb{}\u00bb theme_builder_area=\u00bbpost_content\u00bb][et_pb_column type=\u00bb4_4&#8243; _builder_version=\u00bb4.16&#8243; custom_padding=\u00bb|||\u00bb global_colors_info=\u00bb{}\u00bb custom_padding__hover=\u00bb|||\u00bb theme_builder_area=\u00bbpost_content\u00bb][et_pb_text admin_label=\u00bbText\u00bb _builder_version=\u00bb4.27.0&#8243; background_size=\u00bbinitial\u00bb background_position=\u00bbtop_left\u00bb background_repeat=\u00bbrepeat\u00bb hover_enabled=\u00bb0&#8243; global_colors_info=\u00bb{}\u00bb theme_builder_area=\u00bbpost_content\u00bb sticky_enabled=\u00bb0&#8243;]<\/p>\n<p><a href=\"http:\/\/casanatense.cultura.gov.it\/wp-content\/uploads\/2020\/04\/crocifissione_ms_2020.jpg\" target=\"_blank\" rel=\"noopener\"><img decoding=\"async\" class=\"alignleft wp-image-1858\" src=\"http:\/\/casanatense.cultura.gov.it\/wp-content\/uploads\/2020\/04\/crocifissione_ms_2020.jpg\" alt=\"\" width=\"223\" height=\"316\" srcset=\"https:\/\/casanatense.cultura.gov.it\/wp-content\/uploads\/2020\/04\/crocifissione_ms_2020.jpg 591w, https:\/\/casanatense.cultura.gov.it\/wp-content\/uploads\/2020\/04\/crocifissione_ms_2020-212x300.jpg 212w, https:\/\/casanatense.cultura.gov.it\/wp-content\/uploads\/2020\/04\/crocifissione_ms_2020-497x705.jpg 497w\" sizes=\"(max-width: 223px) 100vw, 223px\" \/><\/a>La representaci\u00f3n de la cruz, asociada a la muerte de Jes\u00fas, es el acontecimiento culminante de la historia de la salvaci\u00f3n, en el que Cristo se ofreci\u00f3 al Padre por los pecados de la humanidad.<br \/>\nLa cruz, instrumento de ignominia y tormento, se convierte para los cristianos en s\u00edmbolo de vida y esperanza a trav\u00e9s de la gloriosa Resurrecci\u00f3n.<br \/>\nEl tema de la Crucifixi\u00f3n ha ocupado siempre un lugar central en la producci\u00f3n art\u00edstica de Occidente y Oriente cristianos, y ha habido diversas formas de representar los \u00faltimos momentos de la vida terrenal de Cristo en la cruz.  <\/p>\n<p>A lo largo de los siglos, los artistas han reescrito, reinterpretado y dado vida a la Pasi\u00f3n de Cristo, narrada en los evangelios can\u00f3nicos (Mt 26-27; Mc 14-15; Lc 22-23; Jn 18-19), con el fin de actualizar y explicar un mensaje, haci\u00e9ndolo siempre nuevo y eficaz.<\/p>\n<p>En la miniatura (Ms. 2020, c.55r), situada en la apertura de la per\u00edcopa del Evangelio jo\u00e1nico, el miniaturista decide captar el momento anterior a la muerte de Jes\u00fas.<\/p>\n<p>En el centro de la escena est\u00e1 Cristo, con el cuerpo extendido sobre el madero vertical y los brazos extendidos sobre el <em>patibulum.<\/em><br \/>\nDe las heridas, causadas por los clavos y el golpe de lanza asestado por Longinos, brota sangre que ba\u00f1a el cr\u00e1neo exhumado de Ad\u00e1n, colocado al pie de la cruz, que representa a la humanidad redimida por el sacrificio de Cristo.<br \/>\nSeg\u00fan la tradici\u00f3n, el G\u00f3lgota es el lugar donde Ad\u00e1n reposa en la tumba.  <\/p>\n<p>La cabeza de Cristo, aureolada y coronada de espinas, se vuelve hacia un grupo de mujeres encabezadas por Juan.<br \/>\nEs en este preciso momento cuando Jes\u00fas conf\u00eda su disc\u00edpulo amado a su Madre: \u00ab\u00a1Mujer, he ah\u00ed a tu hijo!\u00bb.<br \/>\nY volvi\u00e9ndose hacia Juan: \u00ab\u00a1He ah\u00ed a tu madre!\u00bb.<br \/>\nPor las expresiones de los personajes, es posible captar el estado de \u00e1nimo con que reciben las \u00faltimas palabras: Juan, despu\u00e9s de escuchar, dirige su mirada hacia la nueva figura maternal a la que ha sido confiado; la Virgen, en cambio, con un aspecto m\u00e1s compasivo que apenado, junta las manos en oraci\u00f3n, aceptando confiadamente el testamento dejado por su Hijo natural.   <\/p>\n<p>Este tipo de representaci\u00f3n arroja luz sobre la ex\u00e9gesis teol\u00f3gica, que reconoce en la sangre derramada por Jes\u00fas la fuente original del sacramento de la Eucarist\u00eda, y en la reuni\u00f3n de la Madre de Dios y el Ap\u00f3stol amado en los momentos previos a la muerte del Se\u00f1or, el nacimiento de la Iglesia.<\/p>\n<p>La carga emocional de la despedida que precede a la muerte se acent\u00faa con la participaci\u00f3n de otras mujeres, colocadas con la Madre a la derecha de Cristo.<br \/>\nLas tres figuras que acompa\u00f1an a la Virgen y al disc\u00edpulo Juan hacia el lugar del G\u00f3lgota se reflejan en los pasajes evang\u00e9licos, y pueden identificarse con una hermana de la Virgen, Mar\u00eda de Cl\u00e8ofa y Mar\u00eda de Magdala. <\/p>\n<p>Son muy significativos los colores que el miniaturista decidi\u00f3 atribuir a las vestiduras de la Virgen y de la otra mujer piadosa situada detr\u00e1s de ella, posiblemente Mar\u00eda de Magdala.<br \/>\nLa Madre de Jes\u00fas lleva una larga t\u00fanica gris con un manto azul, que le envuelve la cabeza y la mayor parte del cuerpo, mientras que Mar\u00eda de Magdala est\u00e1 envuelta en un manto rojo.<br \/>\nEn la tradici\u00f3n iconogr\u00e1fica, tanto el rojo como el azul son los colores de las t\u00fanicas que identifican a la Virgen Mar\u00eda, simbolizando la naturaleza humana y divina de su Hijo, al que est\u00e1 unida como Madre de Jes\u00fas verdadero Dios y verdadero Hombre.<br \/>\nEn esta escena del monte Calvario, el artista quiso asignar los dos colores a dos personajes diferentes, para destacar a trav\u00e9s del color rojo, que lleva Mar\u00eda de Magdala, el papel de la humanidad en la historia de la salvaci\u00f3n.   <\/p>\n<p>La cruz de Cristo est\u00e1 flanqueada por las de los dos ladrones retratados al bies.<br \/>\nEn contraste con la compostura asc\u00e9tica de Jes\u00fas, los malhechores se retuercen de dolor, ajenos a la conmoci\u00f3n que se produce a su alrededor.<br \/>\nAl otro lado de la cruz, dos figuras masculinas a caballo -quiz\u00e1 identificables como sumos sacerdotes o ancianos- se\u00f1alan con el dedo a Cristo, debatiendo si el crucificado es realmente el hijo de Dios.<br \/>\nLas dos figuras llevan una <em>t\u00fanica <\/em>a media pierna y un tocado t\u00edpico de la primera mitad del siglo XVI.   <\/p>\n<p>Al fondo, una tropa de armeros monocromos observa la escena.<br \/>\nEn el Calvario descrito por el Ma\u020btre de Claude de France -a quien se atribuyen las miniaturas contenidas en el Evangelarium-, el fondo paisaj\u00edstico se sit\u00faa en un espacio homog\u00e9neo y mensurable, conforme a las leyes de la representaci\u00f3n, que a partir del siglo XV condicionar\u00edan la pintura europea.<br \/>\nSe distinguen los contornos de la ciudad de Jerusal\u00e9n, representada como una ciudad torreada y protegida por murallas.  <\/p>\n<p>Rodea la p\u00e1gina un marco con dos motivos ornamentales diferentes a lo largo de las bandas laterales.<br \/>\nEn la primera banda, a la izquierda, se despliega un motivo decorativo grotesco sobre fondo dorado, caracter\u00edstico del arte renacentista.   <em>passio Christi<\/em>: los dados de juego que simbolizan a los soldados romanos; las treinta monedas que Judas Iscariote recibi\u00f3 de los sumos sacerdotes; el gallo que cant\u00f3 durante la negaci\u00f3n de Pedro; la columna de la flagelaci\u00f3n; los azotes; la jarra con la jofaina que recuerda el gesto de Pilato; la espada con la que Pedro cort\u00f3 la oreja al sumo sacerdote; la cruz con la corona de espinas y la cartela anep\u00edgrafa; la escalera, la lanza y la ca\u00f1a con la esponja; la tumba vac\u00eda.<\/p>\n<p>El escudo del centro del panel inferior ostenta las armas del dedicatario, Francisco de Valois-Angoul\u00eame (1518-1536), Delf\u00edn de Francia e hijo del rey Francisco I (1494-1547).<br \/>\nEl escudo est\u00e1 rodeado de una \u00ablista\u00bb con el lema: <em>Qui passus pro nobis Domine miserere nobis<\/em>.<br \/>\n[]  <\/p>\n<p>[\/et_pb_text][\/et_pb_column][\/et_pb_row][\/et_pb_section]<\/p>\n","protected":false},"excerpt":{"rendered":"<p>La representaci\u00f3n de la cruz, asociada a la muerte de Jes\u00fas, es el acontecimiento culminante de la historia de la salvaci\u00f3n&#8230;<\/p>\n","protected":false},"author":1,"featured_media":259126,"comment_status":"open","ping_status":"open","sticky":false,"template":"","format":"standard","meta":{"_et_pb_use_builder":"","_et_pb_old_content":"","_et_gb_content_width":"","_price":"","_stock":"","_tribe_ticket_header":"","_tribe_default_ticket_provider":"","_tribe_ticket_capacity":"0","_ticket_start_date":"","_ticket_end_date":"","_tribe_ticket_show_description":"","_tribe_ticket_show_not_going":false,"_tribe_ticket_use_global_stock":"","_tribe_ticket_global_stock_level":"","_global_stock_mode":"","_global_stock_cap":"","_tribe_rsvp_for_event":"","_tribe_ticket_going_count":"","_tribe_ticket_not_going_count":"","_tribe_tickets_list":"[]","_tribe_ticket_has_attendee_info_fields":false,"footnotes":""},"categories":[156],"tags":[],"class_list":["post-259125","post","type-post","status-publish","format-standard","has-post-thumbnail","hentry","category-editoriales"],"yoast_head":"<!-- This site is optimized with the Yoast SEO plugin v27.4 - https:\/\/yoast.com\/product\/yoast-seo-wordpress\/ -->\n<title>La Crucifixi\u00f3n en el C\u00f3dice de Valois ms. 2020 del Casanatense - Casanatense<\/title>\n<meta name=\"robots\" content=\"index, follow, max-snippet:-1, max-image-preview:large, max-video-preview:-1\" \/>\n<link rel=\"canonical\" href=\"https:\/\/casanatense.cultura.gov.it\/es\/editoriales\/la-crucifixion-en-el-codice-de-valois-ms-2020-del-casanatense\/\" \/>\n<meta property=\"og:locale\" content=\"es_ES\" \/>\n<meta property=\"og:type\" content=\"article\" \/>\n<meta property=\"og:title\" content=\"La Crucifixi\u00f3n en el C\u00f3dice de Valois ms. 2020 del Casanatense - Casanatense\" \/>\n<meta property=\"og:description\" content=\"La representaci\u00f3n de la cruz, asociada a la muerte de Jes\u00fas, es el acontecimiento culminante de la historia de la salvaci\u00f3n...\" \/>\n<meta property=\"og:url\" content=\"https:\/\/casanatense.cultura.gov.it\/es\/editoriales\/la-crucifixion-en-el-codice-de-valois-ms-2020-del-casanatense\/\" \/>\n<meta property=\"og:site_name\" content=\"Casanatense\" \/>\n<meta property=\"article:publisher\" content=\"https:\/\/it-it.facebook.com\/people\/Biblioteca-Casanatense\/100064405343454\/\" \/>\n<meta property=\"article:published_time\" content=\"2020-04-30T10:53:38+00:00\" \/>\n<meta property=\"article:modified_time\" content=\"2024-08-29T10:35:50+00:00\" \/>\n<meta property=\"og:image\" content=\"https:\/\/casanatense.cultura.gov.it\/wp-content\/uploads\/2020\/04\/crocifissione_ms_2020.jpg\" \/>\n\t<meta property=\"og:image:width\" content=\"591\" \/>\n\t<meta property=\"og:image:height\" content=\"838\" \/>\n\t<meta property=\"og:image:type\" content=\"image\/jpeg\" \/>\n<meta name=\"author\" content=\"Administrator\" \/>\n<meta name=\"twitter:card\" content=\"summary_large_image\" \/>\n<meta name=\"twitter:creator\" content=\"@casanatense\" \/>\n<meta name=\"twitter:site\" content=\"@casanatense\" \/>\n<meta name=\"twitter:label1\" content=\"Escrito por\" \/>\n\t<meta name=\"twitter:data1\" content=\"Administrator\" \/>\n\t<meta name=\"twitter:label2\" content=\"Tiempo de lectura\" \/>\n\t<meta name=\"twitter:data2\" content=\"6 minutos\" \/>\n<script type=\"application\/ld+json\" class=\"yoast-schema-graph\">{\"@context\":\"https:\\\/\\\/schema.org\",\"@graph\":[{\"@type\":\"Article\",\"@id\":\"https:\\\/\\\/casanatense.cultura.gov.it\\\/es\\\/editoriales\\\/la-crucifixion-en-el-codice-de-valois-ms-2020-del-casanatense\\\/#article\",\"isPartOf\":{\"@id\":\"https:\\\/\\\/casanatense.cultura.gov.it\\\/es\\\/editoriales\\\/la-crucifixion-en-el-codice-de-valois-ms-2020-del-casanatense\\\/\"},\"author\":{\"name\":\"Administrator\",\"@id\":\"https:\\\/\\\/casanatense.cultura.gov.it\\\/es\\\/#\\\/schema\\\/person\\\/f1311c8da130dd73785bad80152cc604\"},\"headline\":\"La Crucifixi\u00f3n en el C\u00f3dice de Valois ms. 2020 del Casanatense\",\"datePublished\":\"2020-04-30T10:53:38+00:00\",\"dateModified\":\"2024-08-29T10:35:50+00:00\",\"mainEntityOfPage\":{\"@id\":\"https:\\\/\\\/casanatense.cultura.gov.it\\\/es\\\/editoriales\\\/la-crucifixion-en-el-codice-de-valois-ms-2020-del-casanatense\\\/\"},\"wordCount\":1205,\"commentCount\":0,\"publisher\":{\"@id\":\"https:\\\/\\\/casanatense.cultura.gov.it\\\/es\\\/#organization\"},\"image\":{\"@id\":\"https:\\\/\\\/casanatense.cultura.gov.it\\\/es\\\/editoriales\\\/la-crucifixion-en-el-codice-de-valois-ms-2020-del-casanatense\\\/#primaryimage\"},\"thumbnailUrl\":\"https:\\\/\\\/casanatense.cultura.gov.it\\\/wp-content\\\/uploads\\\/2020\\\/04\\\/crocifissione_ms_2020.jpg\",\"articleSection\":[\"Editoriales\"],\"inLanguage\":\"es\",\"potentialAction\":[{\"@type\":\"CommentAction\",\"name\":\"Comment\",\"target\":[\"https:\\\/\\\/casanatense.cultura.gov.it\\\/es\\\/editoriales\\\/la-crucifixion-en-el-codice-de-valois-ms-2020-del-casanatense\\\/#respond\"]}]},{\"@type\":\"WebPage\",\"@id\":\"https:\\\/\\\/casanatense.cultura.gov.it\\\/es\\\/editoriales\\\/la-crucifixion-en-el-codice-de-valois-ms-2020-del-casanatense\\\/\",\"url\":\"https:\\\/\\\/casanatense.cultura.gov.it\\\/es\\\/editoriales\\\/la-crucifixion-en-el-codice-de-valois-ms-2020-del-casanatense\\\/\",\"name\":\"La Crucifixi\u00f3n en el C\u00f3dice de Valois ms. 2020 del Casanatense - Casanatense\",\"isPartOf\":{\"@id\":\"https:\\\/\\\/casanatense.cultura.gov.it\\\/es\\\/#website\"},\"primaryImageOfPage\":{\"@id\":\"https:\\\/\\\/casanatense.cultura.gov.it\\\/es\\\/editoriales\\\/la-crucifixion-en-el-codice-de-valois-ms-2020-del-casanatense\\\/#primaryimage\"},\"image\":{\"@id\":\"https:\\\/\\\/casanatense.cultura.gov.it\\\/es\\\/editoriales\\\/la-crucifixion-en-el-codice-de-valois-ms-2020-del-casanatense\\\/#primaryimage\"},\"thumbnailUrl\":\"https:\\\/\\\/casanatense.cultura.gov.it\\\/wp-content\\\/uploads\\\/2020\\\/04\\\/crocifissione_ms_2020.jpg\",\"datePublished\":\"2020-04-30T10:53:38+00:00\",\"dateModified\":\"2024-08-29T10:35:50+00:00\",\"breadcrumb\":{\"@id\":\"https:\\\/\\\/casanatense.cultura.gov.it\\\/es\\\/editoriales\\\/la-crucifixion-en-el-codice-de-valois-ms-2020-del-casanatense\\\/#breadcrumb\"},\"inLanguage\":\"es\",\"potentialAction\":[{\"@type\":\"ReadAction\",\"target\":[\"https:\\\/\\\/casanatense.cultura.gov.it\\\/es\\\/editoriales\\\/la-crucifixion-en-el-codice-de-valois-ms-2020-del-casanatense\\\/\"]}]},{\"@type\":\"ImageObject\",\"inLanguage\":\"es\",\"@id\":\"https:\\\/\\\/casanatense.cultura.gov.it\\\/es\\\/editoriales\\\/la-crucifixion-en-el-codice-de-valois-ms-2020-del-casanatense\\\/#primaryimage\",\"url\":\"https:\\\/\\\/casanatense.cultura.gov.it\\\/wp-content\\\/uploads\\\/2020\\\/04\\\/crocifissione_ms_2020.jpg\",\"contentUrl\":\"https:\\\/\\\/casanatense.cultura.gov.it\\\/wp-content\\\/uploads\\\/2020\\\/04\\\/crocifissione_ms_2020.jpg\",\"width\":591,\"height\":838},{\"@type\":\"BreadcrumbList\",\"@id\":\"https:\\\/\\\/casanatense.cultura.gov.it\\\/es\\\/editoriales\\\/la-crucifixion-en-el-codice-de-valois-ms-2020-del-casanatense\\\/#breadcrumb\",\"itemListElement\":[{\"@type\":\"ListItem\",\"position\":1,\"name\":\"Home\",\"item\":\"https:\\\/\\\/casanatense.cultura.gov.it\\\/es\\\/\"},{\"@type\":\"ListItem\",\"position\":2,\"name\":\"La Crucifixi\u00f3n en el C\u00f3dice de Valois ms. 2020 del Casanatense\"}]},{\"@type\":\"WebSite\",\"@id\":\"https:\\\/\\\/casanatense.cultura.gov.it\\\/es\\\/#website\",\"url\":\"https:\\\/\\\/casanatense.cultura.gov.it\\\/es\\\/\",\"name\":\"Casanatense\",\"description\":\"Il sito della Biblioteca Casanatense\",\"publisher\":{\"@id\":\"https:\\\/\\\/casanatense.cultura.gov.it\\\/es\\\/#organization\"},\"potentialAction\":[{\"@type\":\"SearchAction\",\"target\":{\"@type\":\"EntryPoint\",\"urlTemplate\":\"https:\\\/\\\/casanatense.cultura.gov.it\\\/es\\\/?s={search_term_string}\"},\"query-input\":{\"@type\":\"PropertyValueSpecification\",\"valueRequired\":true,\"valueName\":\"search_term_string\"}}],\"inLanguage\":\"es\"},{\"@type\":\"Organization\",\"@id\":\"https:\\\/\\\/casanatense.cultura.gov.it\\\/es\\\/#organization\",\"name\":\"Biblioteca Casanatense\",\"url\":\"https:\\\/\\\/casanatense.cultura.gov.it\\\/es\\\/\",\"logo\":{\"@type\":\"ImageObject\",\"inLanguage\":\"es\",\"@id\":\"https:\\\/\\\/casanatense.cultura.gov.it\\\/es\\\/#\\\/schema\\\/logo\\\/image\\\/\",\"url\":\"https:\\\/\\\/casanatense.cultura.gov.it\\\/wp-content\\\/uploads\\\/2024\\\/03\\\/logo-casanatense-mibact.png\",\"contentUrl\":\"https:\\\/\\\/casanatense.cultura.gov.it\\\/wp-content\\\/uploads\\\/2024\\\/03\\\/logo-casanatense-mibact.png\",\"width\":250,\"height\":61,\"caption\":\"Biblioteca Casanatense\"},\"image\":{\"@id\":\"https:\\\/\\\/casanatense.cultura.gov.it\\\/es\\\/#\\\/schema\\\/logo\\\/image\\\/\"},\"sameAs\":[\"https:\\\/\\\/it-it.facebook.com\\\/people\\\/Biblioteca-Casanatense\\\/100064405343454\\\/\",\"https:\\\/\\\/x.com\\\/casanatense\",\"https:\\\/\\\/instagram.com\\\/bibliotecacasanatense?igshid=5hcnozoyuuy5\"]},{\"@type\":\"Person\",\"@id\":\"https:\\\/\\\/casanatense.cultura.gov.it\\\/es\\\/#\\\/schema\\\/person\\\/f1311c8da130dd73785bad80152cc604\",\"name\":\"Administrator\",\"url\":\"https:\\\/\\\/casanatense.cultura.gov.it\\\/es\\\/author\\\/administrator\\\/\"}]}<\/script>\n<!-- \/ Yoast SEO plugin. -->","yoast_head_json":{"title":"La Crucifixi\u00f3n en el C\u00f3dice de Valois ms. 2020 del Casanatense - Casanatense","robots":{"index":"index","follow":"follow","max-snippet":"max-snippet:-1","max-image-preview":"max-image-preview:large","max-video-preview":"max-video-preview:-1"},"canonical":"https:\/\/casanatense.cultura.gov.it\/es\/editoriales\/la-crucifixion-en-el-codice-de-valois-ms-2020-del-casanatense\/","og_locale":"es_ES","og_type":"article","og_title":"La Crucifixi\u00f3n en el C\u00f3dice de Valois ms. 2020 del Casanatense - Casanatense","og_description":"La representaci\u00f3n de la cruz, asociada a la muerte de Jes\u00fas, es el acontecimiento culminante de la historia de la salvaci\u00f3n...","og_url":"https:\/\/casanatense.cultura.gov.it\/es\/editoriales\/la-crucifixion-en-el-codice-de-valois-ms-2020-del-casanatense\/","og_site_name":"Casanatense","article_publisher":"https:\/\/it-it.facebook.com\/people\/Biblioteca-Casanatense\/100064405343454\/","article_published_time":"2020-04-30T10:53:38+00:00","article_modified_time":"2024-08-29T10:35:50+00:00","og_image":[{"width":591,"height":838,"url":"https:\/\/casanatense.cultura.gov.it\/wp-content\/uploads\/2020\/04\/crocifissione_ms_2020.jpg","type":"image\/jpeg"}],"author":"Administrator","twitter_card":"summary_large_image","twitter_creator":"@casanatense","twitter_site":"@casanatense","twitter_misc":{"Escrito por":"Administrator","Tiempo de lectura":"6 minutos"},"schema":{"@context":"https:\/\/schema.org","@graph":[{"@type":"Article","@id":"https:\/\/casanatense.cultura.gov.it\/es\/editoriales\/la-crucifixion-en-el-codice-de-valois-ms-2020-del-casanatense\/#article","isPartOf":{"@id":"https:\/\/casanatense.cultura.gov.it\/es\/editoriales\/la-crucifixion-en-el-codice-de-valois-ms-2020-del-casanatense\/"},"author":{"name":"Administrator","@id":"https:\/\/casanatense.cultura.gov.it\/es\/#\/schema\/person\/f1311c8da130dd73785bad80152cc604"},"headline":"La Crucifixi\u00f3n en el C\u00f3dice de Valois ms. 2020 del Casanatense","datePublished":"2020-04-30T10:53:38+00:00","dateModified":"2024-08-29T10:35:50+00:00","mainEntityOfPage":{"@id":"https:\/\/casanatense.cultura.gov.it\/es\/editoriales\/la-crucifixion-en-el-codice-de-valois-ms-2020-del-casanatense\/"},"wordCount":1205,"commentCount":0,"publisher":{"@id":"https:\/\/casanatense.cultura.gov.it\/es\/#organization"},"image":{"@id":"https:\/\/casanatense.cultura.gov.it\/es\/editoriales\/la-crucifixion-en-el-codice-de-valois-ms-2020-del-casanatense\/#primaryimage"},"thumbnailUrl":"https:\/\/casanatense.cultura.gov.it\/wp-content\/uploads\/2020\/04\/crocifissione_ms_2020.jpg","articleSection":["Editoriales"],"inLanguage":"es","potentialAction":[{"@type":"CommentAction","name":"Comment","target":["https:\/\/casanatense.cultura.gov.it\/es\/editoriales\/la-crucifixion-en-el-codice-de-valois-ms-2020-del-casanatense\/#respond"]}]},{"@type":"WebPage","@id":"https:\/\/casanatense.cultura.gov.it\/es\/editoriales\/la-crucifixion-en-el-codice-de-valois-ms-2020-del-casanatense\/","url":"https:\/\/casanatense.cultura.gov.it\/es\/editoriales\/la-crucifixion-en-el-codice-de-valois-ms-2020-del-casanatense\/","name":"La Crucifixi\u00f3n en el C\u00f3dice de Valois ms. 2020 del Casanatense - Casanatense","isPartOf":{"@id":"https:\/\/casanatense.cultura.gov.it\/es\/#website"},"primaryImageOfPage":{"@id":"https:\/\/casanatense.cultura.gov.it\/es\/editoriales\/la-crucifixion-en-el-codice-de-valois-ms-2020-del-casanatense\/#primaryimage"},"image":{"@id":"https:\/\/casanatense.cultura.gov.it\/es\/editoriales\/la-crucifixion-en-el-codice-de-valois-ms-2020-del-casanatense\/#primaryimage"},"thumbnailUrl":"https:\/\/casanatense.cultura.gov.it\/wp-content\/uploads\/2020\/04\/crocifissione_ms_2020.jpg","datePublished":"2020-04-30T10:53:38+00:00","dateModified":"2024-08-29T10:35:50+00:00","breadcrumb":{"@id":"https:\/\/casanatense.cultura.gov.it\/es\/editoriales\/la-crucifixion-en-el-codice-de-valois-ms-2020-del-casanatense\/#breadcrumb"},"inLanguage":"es","potentialAction":[{"@type":"ReadAction","target":["https:\/\/casanatense.cultura.gov.it\/es\/editoriales\/la-crucifixion-en-el-codice-de-valois-ms-2020-del-casanatense\/"]}]},{"@type":"ImageObject","inLanguage":"es","@id":"https:\/\/casanatense.cultura.gov.it\/es\/editoriales\/la-crucifixion-en-el-codice-de-valois-ms-2020-del-casanatense\/#primaryimage","url":"https:\/\/casanatense.cultura.gov.it\/wp-content\/uploads\/2020\/04\/crocifissione_ms_2020.jpg","contentUrl":"https:\/\/casanatense.cultura.gov.it\/wp-content\/uploads\/2020\/04\/crocifissione_ms_2020.jpg","width":591,"height":838},{"@type":"BreadcrumbList","@id":"https:\/\/casanatense.cultura.gov.it\/es\/editoriales\/la-crucifixion-en-el-codice-de-valois-ms-2020-del-casanatense\/#breadcrumb","itemListElement":[{"@type":"ListItem","position":1,"name":"Home","item":"https:\/\/casanatense.cultura.gov.it\/es\/"},{"@type":"ListItem","position":2,"name":"La Crucifixi\u00f3n en el C\u00f3dice de Valois ms. 2020 del Casanatense"}]},{"@type":"WebSite","@id":"https:\/\/casanatense.cultura.gov.it\/es\/#website","url":"https:\/\/casanatense.cultura.gov.it\/es\/","name":"Casanatense","description":"Il sito della Biblioteca Casanatense","publisher":{"@id":"https:\/\/casanatense.cultura.gov.it\/es\/#organization"},"potentialAction":[{"@type":"SearchAction","target":{"@type":"EntryPoint","urlTemplate":"https:\/\/casanatense.cultura.gov.it\/es\/?s={search_term_string}"},"query-input":{"@type":"PropertyValueSpecification","valueRequired":true,"valueName":"search_term_string"}}],"inLanguage":"es"},{"@type":"Organization","@id":"https:\/\/casanatense.cultura.gov.it\/es\/#organization","name":"Biblioteca Casanatense","url":"https:\/\/casanatense.cultura.gov.it\/es\/","logo":{"@type":"ImageObject","inLanguage":"es","@id":"https:\/\/casanatense.cultura.gov.it\/es\/#\/schema\/logo\/image\/","url":"https:\/\/casanatense.cultura.gov.it\/wp-content\/uploads\/2024\/03\/logo-casanatense-mibact.png","contentUrl":"https:\/\/casanatense.cultura.gov.it\/wp-content\/uploads\/2024\/03\/logo-casanatense-mibact.png","width":250,"height":61,"caption":"Biblioteca Casanatense"},"image":{"@id":"https:\/\/casanatense.cultura.gov.it\/es\/#\/schema\/logo\/image\/"},"sameAs":["https:\/\/it-it.facebook.com\/people\/Biblioteca-Casanatense\/100064405343454\/","https:\/\/x.com\/casanatense","https:\/\/instagram.com\/bibliotecacasanatense?igshid=5hcnozoyuuy5"]},{"@type":"Person","@id":"https:\/\/casanatense.cultura.gov.it\/es\/#\/schema\/person\/f1311c8da130dd73785bad80152cc604","name":"Administrator","url":"https:\/\/casanatense.cultura.gov.it\/es\/author\/administrator\/"}]}},"_links":{"self":[{"href":"https:\/\/casanatense.cultura.gov.it\/es\/wp-json\/wp\/v2\/posts\/259125","targetHints":{"allow":["GET"]}}],"collection":[{"href":"https:\/\/casanatense.cultura.gov.it\/es\/wp-json\/wp\/v2\/posts"}],"about":[{"href":"https:\/\/casanatense.cultura.gov.it\/es\/wp-json\/wp\/v2\/types\/post"}],"author":[{"embeddable":true,"href":"https:\/\/casanatense.cultura.gov.it\/es\/wp-json\/wp\/v2\/users\/1"}],"replies":[{"embeddable":true,"href":"https:\/\/casanatense.cultura.gov.it\/es\/wp-json\/wp\/v2\/comments?post=259125"}],"version-history":[{"count":2,"href":"https:\/\/casanatense.cultura.gov.it\/es\/wp-json\/wp\/v2\/posts\/259125\/revisions"}],"predecessor-version":[{"id":259128,"href":"https:\/\/casanatense.cultura.gov.it\/es\/wp-json\/wp\/v2\/posts\/259125\/revisions\/259128"}],"wp:featuredmedia":[{"embeddable":true,"href":"https:\/\/casanatense.cultura.gov.it\/es\/wp-json\/wp\/v2\/media\/259126"}],"wp:attachment":[{"href":"https:\/\/casanatense.cultura.gov.it\/es\/wp-json\/wp\/v2\/media?parent=259125"}],"wp:term":[{"taxonomy":"category","embeddable":true,"href":"https:\/\/casanatense.cultura.gov.it\/es\/wp-json\/wp\/v2\/categories?post=259125"},{"taxonomy":"post_tag","embeddable":true,"href":"https:\/\/casanatense.cultura.gov.it\/es\/wp-json\/wp\/v2\/tags?post=259125"}],"curies":[{"name":"wp","href":"https:\/\/api.w.org\/{rel}","templated":true}]}}