{"id":259143,"date":"2020-04-30T11:45:48","date_gmt":"2020-04-30T09:45:48","guid":{"rendered":"https:\/\/casanatense.cultura.gov.it\/sin-categorizar\/un-liber-amicorum-en-el-casanatense\/"},"modified":"2024-08-29T12:41:01","modified_gmt":"2024-08-29T10:41:01","slug":"un-liber-amicorum-en-el-casanatense","status":"publish","type":"post","link":"https:\/\/casanatense.cultura.gov.it\/es\/editoriales\/un-liber-amicorum-en-el-casanatense\/","title":{"rendered":"Un Liber amicorum en el Casanatense"},"content":{"rendered":"<p>[et_pb_section fb_built=\u00bb1&#8243; admin_label=\u00bbsection\u00bb _builder_version=\u00bb4.16&#8243; global_colors_info=\u00bb{}\u00bb theme_builder_area=\u00bbpost_content\u00bb da_is_popup=\u00bboff\u00bb da_exit_intent=\u00bboff\u00bb da_has_close=\u00bbon\u00bb da_alt_close=\u00bboff\u00bb da_dark_close=\u00bboff\u00bb da_not_modal=\u00bbon\u00bb da_is_singular=\u00bboff\u00bb da_with_loader=\u00bboff\u00bb da_has_shadow=\u00bbon\u00bb da_disable_devices=\u00bboff|off|off\u00bb][et_pb_row admin_label=\u00bbrow\u00bb _builder_version=\u00bb4.16&#8243; background_size=\u00bbinitial\u00bb background_position=\u00bbtop_left\u00bb background_repeat=\u00bbrepeat\u00bb global_colors_info=\u00bb{}\u00bb theme_builder_area=\u00bbpost_content\u00bb][et_pb_column type=\u00bb4_4&#8243; _builder_version=\u00bb4.16&#8243; custom_padding=\u00bb|||\u00bb global_colors_info=\u00bb{}\u00bb custom_padding__hover=\u00bb|||\u00bb theme_builder_area=\u00bbpost_content\u00bb][et_pb_text admin_label=\u00bbText\u00bb _builder_version=\u00bb4.27.0&#8243; background_size=\u00bbinitial\u00bb background_position=\u00bbtop_left\u00bb background_repeat=\u00bbrepeat\u00bb hover_enabled=\u00bb0&#8243; global_colors_info=\u00bb{}\u00bb theme_builder_area=\u00bbpost_content\u00bb sticky_enabled=\u00bb0&#8243;]<\/p>\n<div>\n<p><a href=\"http:\/\/casanatense.cultura.gov.it\/wp-content\/uploads\/2020\/04\/video_liber_amicorum.mp4\" target=\"_blank\" rel=\"noopener\"><img decoding=\"async\" class=\"alignleft wp-image-1825\" src=\"http:\/\/casanatense.cultura.gov.it\/wp-content\/uploads\/2020\/04\/ico_videoliber-2.jpg\" alt=\"\" width=\"252\" height=\"447\" srcset=\"https:\/\/casanatense.cultura.gov.it\/wp-content\/uploads\/2020\/04\/ico_videoliber-2.jpg 356w, https:\/\/casanatense.cultura.gov.it\/wp-content\/uploads\/2020\/04\/ico_videoliber-2-169x300.jpg 169w\" sizes=\"(max-width: 252px) 100vw, 252px\" \/><\/a><\/p>\n<p>por <em>Francesco Paolo Magnanti<\/em><\/p>\n<p>&nbsp;<\/p>\n<p>Il \u00abLiber amicorum\u00bb della Casanatense: appunti di viaggio di uno studente del XVII secolo.<\/p>\n<\/div>\n<div><\/div>\n<div>Sra. Cas. 1418 &#8211; Ms. cart. &#8211; sec. Siglo XVII (1618) &#8211; 14,5 X 10 cm &#8211; cc. 123 &#8211; Escudos y figuras acuareladas &#8211; Encuadernaci\u00f3n en pergamino.  <\/div>\n<div><\/div>\n<p>El manuscrito que presentamos hoy pertenece a un tipo poco conocido en Italia, que recibe el nombre de <em><strong>Libri amicorum.<\/strong><\/em> El <em>Liber amicorum<\/em> del Casanatense forma parte de un grupo de documentos manuscritos que circularon en los c\u00edrculos universitarios de Padua y Siena en los siglos XVI y XVII.<\/p>\n<p>El protagonista de esta historia y poseedor de nuestro manuscrito es <strong>Franz Christoph von Teuffenbach<\/strong> (1586-1651), v\u00e1stago de una de las grandes familias nobles de Estiria, que inici\u00f3 sus estudios en Padua en 1608. Durante su formaci\u00f3n acad\u00e9mica, Franz entr\u00f3 en contacto con el c\u00edrculo estudiantil paduano y con otros j\u00f3venes que, como \u00e9l, hab\u00edan llegado del norte de Europa para estudiar en una de las universidades m\u00e1s antiguas y prestigiosas de la \u00e9poca. Los frecuentes contactos, la circulaci\u00f3n y el intercambio de ideas en un esp\u00edritu de apertura hacia diferentes formas de cultura, llevaron al joven Teuffenbach a enriquecer su cuaderno con citas y encuentros que nos permiten captar una secci\u00f3n transversal de la vida social que hasta entonces hab\u00eda permanecido en el cono de sombra.  <\/p>\n<p>Como ha se\u00f1alado acertadamente el historiador Wipertus Rudt de Collenberg (1916-1994), los <em>libri amicorum<\/em> eran un s\u00edmbolo de prestigio e influencia social: el propietario del <em>liber<\/em> procuraba obtener suscripciones de personajes ilustres, lo que atestiguaba, negro sobre blanco, la pertenencia a un c\u00edrculo de amistades y relaciones exclusivas.<\/p>\n<p><a href=\"http:\/\/casanatense.cultura.gov.it\/wp-content\/uploads\/2020\/04\/franz_doppio.jpg\" target=\"_blank\" rel=\"noopener\"><img decoding=\"async\" class=\"alignright wp-image-1815\" src=\"http:\/\/casanatense.cultura.gov.it\/wp-content\/uploads\/2020\/04\/franz_doppio.jpg\" alt=\"\" width=\"384\" height=\"177\" srcset=\"https:\/\/casanatense.cultura.gov.it\/wp-content\/uploads\/2020\/04\/franz_doppio.jpg 1405w, https:\/\/casanatense.cultura.gov.it\/wp-content\/uploads\/2020\/04\/franz_doppio-300x138.jpg 300w, https:\/\/casanatense.cultura.gov.it\/wp-content\/uploads\/2020\/04\/franz_doppio-1030x474.jpg 1030w, https:\/\/casanatense.cultura.gov.it\/wp-content\/uploads\/2020\/04\/franz_doppio-768x354.jpg 768w, https:\/\/casanatense.cultura.gov.it\/wp-content\/uploads\/2020\/04\/franz_doppio-705x325.jpg 705w\" sizes=\"(max-width: 384px) 100vw, 384px\" \/><\/a>Y como todo el mundo, nuestro Franz ped\u00eda a sus amigos que pusieran en las p\u00e1ginas de su cuadernito su nombre, la fecha y el lugar, una dedicatoria, un lema, un proverbio popular, una cita cl\u00e1sica o de textos religiosos.<\/p>\n<p>Las inscripciones sorprenden no s\u00f3lo por la variedad de lenguas en las que se expresan: lat\u00edn, griego, hebreo, idiomas preferidos de los estudiantes; italiano y franc\u00e9s, considerados idiomas elegantes y cosmopolitas; sino tambi\u00e9n porque son una muestra de un di\u00e1logo intercultural que, sin embargo, tiene lugar en una Europa desgarrada por las guerras de religi\u00f3n. Acompa\u00f1an y adornan el texto dibujos en acuarela que representan escudos de armas y escenas de la vida cotidiana. El manuscrito consta de 75 inscripciones, 55 de las cuales van acompa\u00f1adas de escudos de armas.  <\/p>\n<div>\n<div>\n<p>Las nueve peque\u00f1as y vivas escenas acuareladas constituyen la parte m\u00e1s fascinante del libro: en la cuarta, por ejemplo, se representa a un estudiante que regresa del mercado, seguido por un criado que lleva una cesta llena de comestibles. El estudiante es sin duda von Teuffenbach, a quien tambi\u00e9n encontramos m\u00e1s tarde recibiendo una lecci\u00f3n de esgrima de un maestro de Padua. Un caballero tambi\u00e9n pod\u00eda tener dos <em>libri amicorum<\/em>: uno reservado a las personas ilustres, el otro dedicado al s\u00e9quito de amigos y parientes. \u00c9ste es el caso del joven Franz Christoph, que de hecho pose\u00eda dos, uno conservado en el Casanatense, que pertenece a la categor\u00eda de <em>libros<\/em> reservados a encuentros considerados \u00abde menor importancia\u00bb (amigos y compa\u00f1eros de universidad) y otro dedicado a personajes considerados de mayor importancia, que se encuentra en Londres, en la Biblioteca del Museo Brit\u00e1nico.   <\/p>\n<\/div>\n<\/div>\n<p><a href=\"http:\/\/casanatense.cultura.gov.it\/wp-content\/uploads\/2020\/04\/armadi_corridoio.jpg\"><img decoding=\"async\" class=\"wp-image-1816 aligncenter\" src=\"http:\/\/casanatense.cultura.gov.it\/wp-content\/uploads\/2020\/04\/armadi_corridoio.jpg\" alt=\"\" width=\"495\" height=\"407\" srcset=\"https:\/\/casanatense.cultura.gov.it\/wp-content\/uploads\/2020\/04\/armadi_corridoio.jpg 1072w, https:\/\/casanatense.cultura.gov.it\/wp-content\/uploads\/2020\/04\/armadi_corridoio-300x246.jpg 300w, https:\/\/casanatense.cultura.gov.it\/wp-content\/uploads\/2020\/04\/armadi_corridoio-1030x846.jpg 1030w, https:\/\/casanatense.cultura.gov.it\/wp-content\/uploads\/2020\/04\/armadi_corridoio-768x630.jpg 768w, https:\/\/casanatense.cultura.gov.it\/wp-content\/uploads\/2020\/04\/armadi_corridoio-705x579.jpg 705w\" sizes=\"(max-width: 495px) 100vw, 495px\" \/><\/a><\/p>\n<p>Dos dibujos del <em>Liber amicorum<\/em> se encuentran en dos paneles decorativos que protegen los armarios de libros del pasillo que conduce a la Sala Monumental de la Biblioteca. [foto di Francesco Volpi]<\/p>\n<p>[\/et_pb_text][\/et_pb_column][\/et_pb_row][\/et_pb_section]<\/p>\n","protected":false},"excerpt":{"rendered":"<p>El manuscrito que presentamos hoy pertenece a un tipo poco conocido en Italia, que recibe el nombre de Libri amicorum&#8230;<\/p>\n","protected":false},"author":1,"featured_media":259145,"comment_status":"open","ping_status":"open","sticky":false,"template":"","format":"standard","meta":{"_et_pb_use_builder":"","_et_pb_old_content":"","_et_gb_content_width":"","_price":"","_stock":"","_tribe_ticket_header":"","_tribe_default_ticket_provider":"","_tribe_ticket_capacity":"0","_ticket_start_date":"","_ticket_end_date":"","_tribe_ticket_show_description":"","_tribe_ticket_show_not_going":false,"_tribe_ticket_use_global_stock":"","_tribe_ticket_global_stock_level":"","_global_stock_mode":"","_global_stock_cap":"","_tribe_rsvp_for_event":"","_tribe_ticket_going_count":"","_tribe_ticket_not_going_count":"","_tribe_tickets_list":"[]","_tribe_ticket_has_attendee_info_fields":false,"footnotes":""},"categories":[156],"tags":[],"class_list":["post-259143","post","type-post","status-publish","format-standard","has-post-thumbnail","hentry","category-editoriales"],"yoast_head":"<!-- This site is optimized with the Yoast SEO plugin v27.4 - https:\/\/yoast.com\/product\/yoast-seo-wordpress\/ -->\n<title>Un Liber amicorum en el Casanatense - Casanatense<\/title>\n<meta name=\"robots\" content=\"index, follow, max-snippet:-1, max-image-preview:large, max-video-preview:-1\" \/>\n<link rel=\"canonical\" href=\"https:\/\/casanatense.cultura.gov.it\/es\/editoriales\/un-liber-amicorum-en-el-casanatense\/\" \/>\n<meta property=\"og:locale\" content=\"es_ES\" \/>\n<meta property=\"og:type\" content=\"article\" \/>\n<meta property=\"og:title\" content=\"Un Liber amicorum en el Casanatense - Casanatense\" \/>\n<meta property=\"og:description\" content=\"El manuscrito que presentamos hoy pertenece a un tipo poco conocido en Italia, que recibe el nombre de Libri amicorum...\" \/>\n<meta property=\"og:url\" content=\"https:\/\/casanatense.cultura.gov.it\/es\/editoriales\/un-liber-amicorum-en-el-casanatense\/\" \/>\n<meta property=\"og:site_name\" content=\"Casanatense\" \/>\n<meta property=\"article:publisher\" content=\"https:\/\/it-it.facebook.com\/people\/Biblioteca-Casanatense\/100064405343454\/\" \/>\n<meta property=\"article:published_time\" content=\"2020-04-30T09:45:48+00:00\" \/>\n<meta property=\"article:modified_time\" content=\"2024-08-29T10:41:01+00:00\" \/>\n<meta property=\"og:image\" content=\"https:\/\/casanatense.cultura.gov.it\/wp-content\/uploads\/2020\/04\/franz_doppio.jpg\" \/>\n\t<meta property=\"og:image:width\" content=\"1405\" \/>\n\t<meta property=\"og:image:height\" content=\"647\" \/>\n\t<meta property=\"og:image:type\" content=\"image\/jpeg\" \/>\n<meta name=\"author\" content=\"Administrator\" \/>\n<meta name=\"twitter:card\" content=\"summary_large_image\" \/>\n<meta name=\"twitter:creator\" content=\"@casanatense\" \/>\n<meta name=\"twitter:site\" content=\"@casanatense\" \/>\n<meta name=\"twitter:label1\" content=\"Escrito por\" \/>\n\t<meta name=\"twitter:data1\" content=\"Administrator\" \/>\n\t<meta name=\"twitter:label2\" content=\"Tiempo de lectura\" \/>\n\t<meta name=\"twitter:data2\" content=\"4 minutos\" \/>\n<script type=\"application\/ld+json\" class=\"yoast-schema-graph\">{\"@context\":\"https:\\\/\\\/schema.org\",\"@graph\":[{\"@type\":\"Article\",\"@id\":\"https:\\\/\\\/casanatense.cultura.gov.it\\\/es\\\/editoriales\\\/un-liber-amicorum-en-el-casanatense\\\/#article\",\"isPartOf\":{\"@id\":\"https:\\\/\\\/casanatense.cultura.gov.it\\\/es\\\/editoriales\\\/un-liber-amicorum-en-el-casanatense\\\/\"},\"author\":{\"name\":\"Administrator\",\"@id\":\"https:\\\/\\\/casanatense.cultura.gov.it\\\/es\\\/#\\\/schema\\\/person\\\/f1311c8da130dd73785bad80152cc604\"},\"headline\":\"Un Liber amicorum en el Casanatense\",\"datePublished\":\"2020-04-30T09:45:48+00:00\",\"dateModified\":\"2024-08-29T10:41:01+00:00\",\"mainEntityOfPage\":{\"@id\":\"https:\\\/\\\/casanatense.cultura.gov.it\\\/es\\\/editoriales\\\/un-liber-amicorum-en-el-casanatense\\\/\"},\"wordCount\":759,\"commentCount\":0,\"publisher\":{\"@id\":\"https:\\\/\\\/casanatense.cultura.gov.it\\\/es\\\/#organization\"},\"image\":{\"@id\":\"https:\\\/\\\/casanatense.cultura.gov.it\\\/es\\\/editoriales\\\/un-liber-amicorum-en-el-casanatense\\\/#primaryimage\"},\"thumbnailUrl\":\"https:\\\/\\\/casanatense.cultura.gov.it\\\/wp-content\\\/uploads\\\/2020\\\/04\\\/franz_doppio.jpg\",\"articleSection\":[\"Editoriales\"],\"inLanguage\":\"es\",\"potentialAction\":[{\"@type\":\"CommentAction\",\"name\":\"Comment\",\"target\":[\"https:\\\/\\\/casanatense.cultura.gov.it\\\/es\\\/editoriales\\\/un-liber-amicorum-en-el-casanatense\\\/#respond\"]}]},{\"@type\":\"WebPage\",\"@id\":\"https:\\\/\\\/casanatense.cultura.gov.it\\\/es\\\/editoriales\\\/un-liber-amicorum-en-el-casanatense\\\/\",\"url\":\"https:\\\/\\\/casanatense.cultura.gov.it\\\/es\\\/editoriales\\\/un-liber-amicorum-en-el-casanatense\\\/\",\"name\":\"Un Liber amicorum en el Casanatense - Casanatense\",\"isPartOf\":{\"@id\":\"https:\\\/\\\/casanatense.cultura.gov.it\\\/es\\\/#website\"},\"primaryImageOfPage\":{\"@id\":\"https:\\\/\\\/casanatense.cultura.gov.it\\\/es\\\/editoriales\\\/un-liber-amicorum-en-el-casanatense\\\/#primaryimage\"},\"image\":{\"@id\":\"https:\\\/\\\/casanatense.cultura.gov.it\\\/es\\\/editoriales\\\/un-liber-amicorum-en-el-casanatense\\\/#primaryimage\"},\"thumbnailUrl\":\"https:\\\/\\\/casanatense.cultura.gov.it\\\/wp-content\\\/uploads\\\/2020\\\/04\\\/franz_doppio.jpg\",\"datePublished\":\"2020-04-30T09:45:48+00:00\",\"dateModified\":\"2024-08-29T10:41:01+00:00\",\"breadcrumb\":{\"@id\":\"https:\\\/\\\/casanatense.cultura.gov.it\\\/es\\\/editoriales\\\/un-liber-amicorum-en-el-casanatense\\\/#breadcrumb\"},\"inLanguage\":\"es\",\"potentialAction\":[{\"@type\":\"ReadAction\",\"target\":[\"https:\\\/\\\/casanatense.cultura.gov.it\\\/es\\\/editoriales\\\/un-liber-amicorum-en-el-casanatense\\\/\"]}]},{\"@type\":\"ImageObject\",\"inLanguage\":\"es\",\"@id\":\"https:\\\/\\\/casanatense.cultura.gov.it\\\/es\\\/editoriales\\\/un-liber-amicorum-en-el-casanatense\\\/#primaryimage\",\"url\":\"https:\\\/\\\/casanatense.cultura.gov.it\\\/wp-content\\\/uploads\\\/2020\\\/04\\\/franz_doppio.jpg\",\"contentUrl\":\"https:\\\/\\\/casanatense.cultura.gov.it\\\/wp-content\\\/uploads\\\/2020\\\/04\\\/franz_doppio.jpg\",\"width\":1405,\"height\":647},{\"@type\":\"BreadcrumbList\",\"@id\":\"https:\\\/\\\/casanatense.cultura.gov.it\\\/es\\\/editoriales\\\/un-liber-amicorum-en-el-casanatense\\\/#breadcrumb\",\"itemListElement\":[{\"@type\":\"ListItem\",\"position\":1,\"name\":\"Home\",\"item\":\"https:\\\/\\\/casanatense.cultura.gov.it\\\/es\\\/\"},{\"@type\":\"ListItem\",\"position\":2,\"name\":\"Un Liber amicorum en el Casanatense\"}]},{\"@type\":\"WebSite\",\"@id\":\"https:\\\/\\\/casanatense.cultura.gov.it\\\/es\\\/#website\",\"url\":\"https:\\\/\\\/casanatense.cultura.gov.it\\\/es\\\/\",\"name\":\"Casanatense\",\"description\":\"Il sito della Biblioteca Casanatense\",\"publisher\":{\"@id\":\"https:\\\/\\\/casanatense.cultura.gov.it\\\/es\\\/#organization\"},\"potentialAction\":[{\"@type\":\"SearchAction\",\"target\":{\"@type\":\"EntryPoint\",\"urlTemplate\":\"https:\\\/\\\/casanatense.cultura.gov.it\\\/es\\\/?s={search_term_string}\"},\"query-input\":{\"@type\":\"PropertyValueSpecification\",\"valueRequired\":true,\"valueName\":\"search_term_string\"}}],\"inLanguage\":\"es\"},{\"@type\":\"Organization\",\"@id\":\"https:\\\/\\\/casanatense.cultura.gov.it\\\/es\\\/#organization\",\"name\":\"Biblioteca Casanatense\",\"url\":\"https:\\\/\\\/casanatense.cultura.gov.it\\\/es\\\/\",\"logo\":{\"@type\":\"ImageObject\",\"inLanguage\":\"es\",\"@id\":\"https:\\\/\\\/casanatense.cultura.gov.it\\\/es\\\/#\\\/schema\\\/logo\\\/image\\\/\",\"url\":\"https:\\\/\\\/casanatense.cultura.gov.it\\\/wp-content\\\/uploads\\\/2024\\\/03\\\/logo-casanatense-mibact.png\",\"contentUrl\":\"https:\\\/\\\/casanatense.cultura.gov.it\\\/wp-content\\\/uploads\\\/2024\\\/03\\\/logo-casanatense-mibact.png\",\"width\":250,\"height\":61,\"caption\":\"Biblioteca Casanatense\"},\"image\":{\"@id\":\"https:\\\/\\\/casanatense.cultura.gov.it\\\/es\\\/#\\\/schema\\\/logo\\\/image\\\/\"},\"sameAs\":[\"https:\\\/\\\/it-it.facebook.com\\\/people\\\/Biblioteca-Casanatense\\\/100064405343454\\\/\",\"https:\\\/\\\/x.com\\\/casanatense\",\"https:\\\/\\\/instagram.com\\\/bibliotecacasanatense?igshid=5hcnozoyuuy5\"]},{\"@type\":\"Person\",\"@id\":\"https:\\\/\\\/casanatense.cultura.gov.it\\\/es\\\/#\\\/schema\\\/person\\\/f1311c8da130dd73785bad80152cc604\",\"name\":\"Administrator\",\"url\":\"https:\\\/\\\/casanatense.cultura.gov.it\\\/es\\\/author\\\/administrator\\\/\"}]}<\/script>\n<!-- \/ Yoast SEO plugin. -->","yoast_head_json":{"title":"Un Liber amicorum en el Casanatense - Casanatense","robots":{"index":"index","follow":"follow","max-snippet":"max-snippet:-1","max-image-preview":"max-image-preview:large","max-video-preview":"max-video-preview:-1"},"canonical":"https:\/\/casanatense.cultura.gov.it\/es\/editoriales\/un-liber-amicorum-en-el-casanatense\/","og_locale":"es_ES","og_type":"article","og_title":"Un Liber amicorum en el Casanatense - Casanatense","og_description":"El manuscrito que presentamos hoy pertenece a un tipo poco conocido en Italia, que recibe el nombre de Libri amicorum...","og_url":"https:\/\/casanatense.cultura.gov.it\/es\/editoriales\/un-liber-amicorum-en-el-casanatense\/","og_site_name":"Casanatense","article_publisher":"https:\/\/it-it.facebook.com\/people\/Biblioteca-Casanatense\/100064405343454\/","article_published_time":"2020-04-30T09:45:48+00:00","article_modified_time":"2024-08-29T10:41:01+00:00","og_image":[{"width":1405,"height":647,"url":"https:\/\/casanatense.cultura.gov.it\/wp-content\/uploads\/2020\/04\/franz_doppio.jpg","type":"image\/jpeg"}],"author":"Administrator","twitter_card":"summary_large_image","twitter_creator":"@casanatense","twitter_site":"@casanatense","twitter_misc":{"Escrito por":"Administrator","Tiempo de lectura":"4 minutos"},"schema":{"@context":"https:\/\/schema.org","@graph":[{"@type":"Article","@id":"https:\/\/casanatense.cultura.gov.it\/es\/editoriales\/un-liber-amicorum-en-el-casanatense\/#article","isPartOf":{"@id":"https:\/\/casanatense.cultura.gov.it\/es\/editoriales\/un-liber-amicorum-en-el-casanatense\/"},"author":{"name":"Administrator","@id":"https:\/\/casanatense.cultura.gov.it\/es\/#\/schema\/person\/f1311c8da130dd73785bad80152cc604"},"headline":"Un Liber amicorum en el Casanatense","datePublished":"2020-04-30T09:45:48+00:00","dateModified":"2024-08-29T10:41:01+00:00","mainEntityOfPage":{"@id":"https:\/\/casanatense.cultura.gov.it\/es\/editoriales\/un-liber-amicorum-en-el-casanatense\/"},"wordCount":759,"commentCount":0,"publisher":{"@id":"https:\/\/casanatense.cultura.gov.it\/es\/#organization"},"image":{"@id":"https:\/\/casanatense.cultura.gov.it\/es\/editoriales\/un-liber-amicorum-en-el-casanatense\/#primaryimage"},"thumbnailUrl":"https:\/\/casanatense.cultura.gov.it\/wp-content\/uploads\/2020\/04\/franz_doppio.jpg","articleSection":["Editoriales"],"inLanguage":"es","potentialAction":[{"@type":"CommentAction","name":"Comment","target":["https:\/\/casanatense.cultura.gov.it\/es\/editoriales\/un-liber-amicorum-en-el-casanatense\/#respond"]}]},{"@type":"WebPage","@id":"https:\/\/casanatense.cultura.gov.it\/es\/editoriales\/un-liber-amicorum-en-el-casanatense\/","url":"https:\/\/casanatense.cultura.gov.it\/es\/editoriales\/un-liber-amicorum-en-el-casanatense\/","name":"Un Liber amicorum en el Casanatense - Casanatense","isPartOf":{"@id":"https:\/\/casanatense.cultura.gov.it\/es\/#website"},"primaryImageOfPage":{"@id":"https:\/\/casanatense.cultura.gov.it\/es\/editoriales\/un-liber-amicorum-en-el-casanatense\/#primaryimage"},"image":{"@id":"https:\/\/casanatense.cultura.gov.it\/es\/editoriales\/un-liber-amicorum-en-el-casanatense\/#primaryimage"},"thumbnailUrl":"https:\/\/casanatense.cultura.gov.it\/wp-content\/uploads\/2020\/04\/franz_doppio.jpg","datePublished":"2020-04-30T09:45:48+00:00","dateModified":"2024-08-29T10:41:01+00:00","breadcrumb":{"@id":"https:\/\/casanatense.cultura.gov.it\/es\/editoriales\/un-liber-amicorum-en-el-casanatense\/#breadcrumb"},"inLanguage":"es","potentialAction":[{"@type":"ReadAction","target":["https:\/\/casanatense.cultura.gov.it\/es\/editoriales\/un-liber-amicorum-en-el-casanatense\/"]}]},{"@type":"ImageObject","inLanguage":"es","@id":"https:\/\/casanatense.cultura.gov.it\/es\/editoriales\/un-liber-amicorum-en-el-casanatense\/#primaryimage","url":"https:\/\/casanatense.cultura.gov.it\/wp-content\/uploads\/2020\/04\/franz_doppio.jpg","contentUrl":"https:\/\/casanatense.cultura.gov.it\/wp-content\/uploads\/2020\/04\/franz_doppio.jpg","width":1405,"height":647},{"@type":"BreadcrumbList","@id":"https:\/\/casanatense.cultura.gov.it\/es\/editoriales\/un-liber-amicorum-en-el-casanatense\/#breadcrumb","itemListElement":[{"@type":"ListItem","position":1,"name":"Home","item":"https:\/\/casanatense.cultura.gov.it\/es\/"},{"@type":"ListItem","position":2,"name":"Un Liber amicorum en el Casanatense"}]},{"@type":"WebSite","@id":"https:\/\/casanatense.cultura.gov.it\/es\/#website","url":"https:\/\/casanatense.cultura.gov.it\/es\/","name":"Casanatense","description":"Il sito della Biblioteca Casanatense","publisher":{"@id":"https:\/\/casanatense.cultura.gov.it\/es\/#organization"},"potentialAction":[{"@type":"SearchAction","target":{"@type":"EntryPoint","urlTemplate":"https:\/\/casanatense.cultura.gov.it\/es\/?s={search_term_string}"},"query-input":{"@type":"PropertyValueSpecification","valueRequired":true,"valueName":"search_term_string"}}],"inLanguage":"es"},{"@type":"Organization","@id":"https:\/\/casanatense.cultura.gov.it\/es\/#organization","name":"Biblioteca Casanatense","url":"https:\/\/casanatense.cultura.gov.it\/es\/","logo":{"@type":"ImageObject","inLanguage":"es","@id":"https:\/\/casanatense.cultura.gov.it\/es\/#\/schema\/logo\/image\/","url":"https:\/\/casanatense.cultura.gov.it\/wp-content\/uploads\/2024\/03\/logo-casanatense-mibact.png","contentUrl":"https:\/\/casanatense.cultura.gov.it\/wp-content\/uploads\/2024\/03\/logo-casanatense-mibact.png","width":250,"height":61,"caption":"Biblioteca Casanatense"},"image":{"@id":"https:\/\/casanatense.cultura.gov.it\/es\/#\/schema\/logo\/image\/"},"sameAs":["https:\/\/it-it.facebook.com\/people\/Biblioteca-Casanatense\/100064405343454\/","https:\/\/x.com\/casanatense","https:\/\/instagram.com\/bibliotecacasanatense?igshid=5hcnozoyuuy5"]},{"@type":"Person","@id":"https:\/\/casanatense.cultura.gov.it\/es\/#\/schema\/person\/f1311c8da130dd73785bad80152cc604","name":"Administrator","url":"https:\/\/casanatense.cultura.gov.it\/es\/author\/administrator\/"}]}},"_links":{"self":[{"href":"https:\/\/casanatense.cultura.gov.it\/es\/wp-json\/wp\/v2\/posts\/259143","targetHints":{"allow":["GET"]}}],"collection":[{"href":"https:\/\/casanatense.cultura.gov.it\/es\/wp-json\/wp\/v2\/posts"}],"about":[{"href":"https:\/\/casanatense.cultura.gov.it\/es\/wp-json\/wp\/v2\/types\/post"}],"author":[{"embeddable":true,"href":"https:\/\/casanatense.cultura.gov.it\/es\/wp-json\/wp\/v2\/users\/1"}],"replies":[{"embeddable":true,"href":"https:\/\/casanatense.cultura.gov.it\/es\/wp-json\/wp\/v2\/comments?post=259143"}],"version-history":[{"count":2,"href":"https:\/\/casanatense.cultura.gov.it\/es\/wp-json\/wp\/v2\/posts\/259143\/revisions"}],"predecessor-version":[{"id":259151,"href":"https:\/\/casanatense.cultura.gov.it\/es\/wp-json\/wp\/v2\/posts\/259143\/revisions\/259151"}],"wp:featuredmedia":[{"embeddable":true,"href":"https:\/\/casanatense.cultura.gov.it\/es\/wp-json\/wp\/v2\/media\/259145"}],"wp:attachment":[{"href":"https:\/\/casanatense.cultura.gov.it\/es\/wp-json\/wp\/v2\/media?parent=259143"}],"wp:term":[{"taxonomy":"category","embeddable":true,"href":"https:\/\/casanatense.cultura.gov.it\/es\/wp-json\/wp\/v2\/categories?post=259143"},{"taxonomy":"post_tag","embeddable":true,"href":"https:\/\/casanatense.cultura.gov.it\/es\/wp-json\/wp\/v2\/tags?post=259143"}],"curies":[{"name":"wp","href":"https:\/\/api.w.org\/{rel}","templated":true}]}}