{"id":259452,"date":"2010-01-15T12:41:34","date_gmt":"2010-01-15T11:41:34","guid":{"rendered":"https:\/\/casanatense.cultura.gov.it\/sin-categorizar\/y-si-estas-duras-ordenes-le-parecen-a-alguien\/"},"modified":"2024-08-29T17:49:41","modified_gmt":"2024-08-29T15:49:41","slug":"y-si-estas-duras-ordenes-le-parecen-a-alguien","status":"publish","type":"post","link":"https:\/\/casanatense.cultura.gov.it\/es\/editoriales\/y-si-estas-duras-ordenes-le-parecen-a-alguien\/","title":{"rendered":"Y si estas duras \u00f3rdenes le parecen a alguien&#8230;"},"content":{"rendered":"<p>[et_pb_section fb_built=\u00bb1&#8243; admin_label=\u00bbsection\u00bb _builder_version=\u00bb4.16&#8243; da_disable_devices=\u00bboff|off|off\u00bb global_colors_info=\u00bb{}\u00bb theme_builder_area=\u00bbpost_content\u00bb da_is_popup=\u00bboff\u00bb da_exit_intent=\u00bboff\u00bb da_has_close=\u00bbon\u00bb da_alt_close=\u00bboff\u00bb da_dark_close=\u00bboff\u00bb da_not_modal=\u00bbon\u00bb da_is_singular=\u00bboff\u00bb da_with_loader=\u00bboff\u00bb da_has_shadow=\u00bbon\u00bb][et_pb_row admin_label=\u00bbrow\u00bb _builder_version=\u00bb4.16&#8243; background_size=\u00bbinitial\u00bb background_position=\u00bbtop_left\u00bb background_repeat=\u00bbrepeat\u00bb global_colors_info=\u00bb{}\u00bb theme_builder_area=\u00bbpost_content\u00bb][et_pb_column type=\u00bb4_4&#8243; _builder_version=\u00bb4.16&#8243; custom_padding=\u00bb|||\u00bb global_colors_info=\u00bb{}\u00bb custom_padding__hover=\u00bb|||\u00bb theme_builder_area=\u00bbpost_content\u00bb][et_pb_text admin_label=\u00bbText\u00bb _builder_version=\u00bb4.27.0&#8243; background_size=\u00bbinitial\u00bb background_position=\u00bbtop_left\u00bb background_repeat=\u00bbrepeat\u00bb hover_enabled=\u00bb0&#8243; global_colors_info=\u00bb{}\u00bb theme_builder_area=\u00bbpost_content\u00bb sticky_enabled=\u00bb0&#8243;]<\/p>\n<h5>por <em>Margherita Palumbo<\/em><\/h5>\n<h5><img decoding=\"async\" class=\"alignleft wp-image-4026\" src=\"http:\/\/casanatense.cultura.gov.it\/wp-content\/uploads\/2010\/01\/censura_home-300x265.jpg\" alt=\"\" width=\"174\" height=\"154\" srcset=\"https:\/\/casanatense.cultura.gov.it\/wp-content\/uploads\/2010\/01\/censura_home-300x265.jpg 300w, https:\/\/casanatense.cultura.gov.it\/wp-content\/uploads\/2010\/01\/censura_home.jpg 465w\" sizes=\"(max-width: 174px) 100vw, 174px\" \/>Inquisici\u00f3n y censura de libros en la colecci\u00f3n de Edictos y Proclamas <\/h5>\n<p style=\"text-align: justify;\">La apertura a los estudiosos en 1998 del archivo hist\u00f3rico de la Congregaci\u00f3n para la Doctrina de la Fe contribuy\u00f3 a renovar profundamente los estudios sobre la historia de la Inquisici\u00f3n, y al mismo tiempo hubo un crecimiento considerable del inter\u00e9s por parte de la comunidad cient\u00edfica. hacia los decretos y edictos emitidos, en su \u00e1mbito jurisdiccional, por la Congregaci\u00f3n de la Santa Inquisici\u00f3n Romana -tambi\u00e9n conocida como Santo Oficio- y la del \u00cdndice. En este contexto, la Biblioteca Casanatense es reconocida desde hace mucho tiempo como uno de los lugares privilegiados de investigaci\u00f3n, gracias en particular a la riqu\u00edsima colecci\u00f3n de <em>edictos y proclamas pontificios <\/em>conservados por el Instituto, colecci\u00f3n que en su conjunto incluye, en un per\u00edodo de tiempo Desde principios del siglo XVI hasta 1870, se han recopilado m\u00e1s de 70.000 documentos enlazados, en sucesi\u00f3n cronol\u00f3gica, en vol\u00famenes de gran formato, y de los cuales aproximadamente 1.500 son los que versan sobre materias de competencia inquisitorial. En primer lugar, cabe mencionar las bulas, constituciones y otras disposiciones dictadas por los propios pont\u00edfices en cuestiones doctrinales, en materia de dogm\u00e1tica y delitos concernientes, en un sentido amplio, a la fe.  <\/p>\n<p><img decoding=\"async\" class=\"wp-image-4027 \" src=\"http:\/\/casanatense.cultura.gov.it\/wp-content\/uploads\/2010\/01\/censura_bandi5-300x152.jpg\" alt=\"\" width=\"215\" height=\"109\" srcset=\"https:\/\/casanatense.cultura.gov.it\/wp-content\/uploads\/2010\/01\/censura_bandi5-300x152.jpg 300w, https:\/\/casanatense.cultura.gov.it\/wp-content\/uploads\/2010\/01\/censura_bandi5.jpg 304w\" sizes=\"(max-width: 215px) 100vw, 215px\" \/> Anuncio y provisi\u00f3n&#8230; en torno a los libros. Roma, 1591 <\/p>\n<p style=\"text-align: justify;\">Esta primera categor\u00eda incluye documentos como la bula <em>Cum quorundam hominum pravitas <\/em>emitida en 1555 por Pablo IV contra los antitrinitarios. <em>Per.est. 18\/1, n. 96  <\/em>), o el <em>Coeli et terra<\/em> de 1586, con el que Sixto V condena la astrolog\u00eda judicial y otras formas de magia culta (<em>Per. est. 18\/2 n. 131   <\/em>), as\u00ed como las actas fundacionales de las Congregaciones de la Inquisici\u00f3n y del Index y las relativas a la definici\u00f3n, a lo largo de los siglos, de sus competencias, actividades y poderes, a partir de la bula <em>Licet ab initio<\/em> con la que Pablo III esboz\u00f3 las estructura en 1542 y los poderes del Santo Oficio.<br \/>En cuanto a los edictos en sentido estricto, son particularmente numerosos &#8211; dentro de la colecci\u00f3n casanatense &#8211; los decretos emitidos por la Congregaci\u00f3n de la Inquisici\u00f3n, con una variedad que refleja la amplitud misma de las competencias del organismo central establecido por el Papa Farnesio para luchar y derrotar legalmente, adem\u00e1s de la <em>depravaci\u00f3n her\u00e9tica,<\/em> la apostas\u00eda al juda\u00edsmo y al Islam, la blasfemia, la santidad simulada, la mala administraci\u00f3n del sacramento de la penitencia y, en particular, la solicitud de confesi\u00f3n, y otros delitos contra la fe y la moral.<\/p>\n<p>&nbsp;<\/p>\n<p><img decoding=\"async\" class=\"wp-image-4028 \" src=\"http:\/\/casanatense.cultura.gov.it\/wp-content\/uploads\/2010\/01\/censura_bandi-300x149.jpg\" alt=\"\" width=\"264\" height=\"131\" srcset=\"https:\/\/casanatense.cultura.gov.it\/wp-content\/uploads\/2010\/01\/censura_bandi-300x149.jpg 300w, https:\/\/casanatense.cultura.gov.it\/wp-content\/uploads\/2010\/01\/censura_bandi.jpg 350w\" sizes=\"(max-width: 264px) 100vw, 264px\" \/> Anuncio y provisi\u00f3n&#8230; en torno a los libros. Roma, 1591 <\/p>\n<p class=\"txt-arial-xP-nero\" style=\"text-align: justify;\">Otro grupo conspicuo de disposiciones que se pueden rastrear entre los <em>Edictos y proclamas<\/em> se refiere a la censura y el control de la prensa y del comercio de libros, actos que tambi\u00e9n podr\u00edan ser emitidos por el propio pont\u00edfice, como en el caso, en 1592, de la <em>Constitutio contra impia scripta et libros. Hebraeorum<\/em> de Clemente VIII (<em>Per.est. 18\/3, n. 17  <\/em>) o de la posterior <em>damnatio<\/em> de Clemente XI que, en 1708, afecta a los escritos del jansenista Quesnel (<em>Per.est. 18\/22, n. 88  <\/em>) y luego confirmado en 1713 por <em>Unigenitus Dei filius <\/em>(<em>Per.est. 18\/23, n. 534  <\/em>).<br \/>\nPi\u00f9 numerosi sono per\u00f2 i documenti la cui emanazione rientra sia nelle attribuzioni della Congregazione del S. Uffizio e di quella, di pi\u00f9 tarda istituzione, dell\u2019Indice, sia nella sfera di autorit\u00e0 del Maestro del Sacro Palazzo, membro ex officio e <em>portavoce<\/em> di entrambe le Congregazioni, delle cui condanne dava pubblica notizia attraverso editti a stampa di proibizione. <\/p>\n<p><img decoding=\"async\" class=\"wp-image-4029 size-medium\" src=\"http:\/\/casanatense.cultura.gov.it\/wp-content\/uploads\/2010\/01\/censura_bandi1-300x91.jpg\" alt=\"\" width=\"300\" height=\"91\" srcset=\"https:\/\/casanatense.cultura.gov.it\/wp-content\/uploads\/2010\/01\/censura_bandi1-300x91.jpg 300w, https:\/\/casanatense.cultura.gov.it\/wp-content\/uploads\/2010\/01\/censura_bandi1.jpg 350w\" sizes=\"(max-width: 300px) 100vw, 300px\" \/> \u00cdndice de libros prohibidos. Roma, 1603 <\/p>\n<p class=\"txt-arial-xP-nero\" style=\"text-align: justify;\">A esta categor\u00eda pertenecen los decretos que hicieron p\u00fablicas &#8211; gracias a la publicaci\u00f3n en lugares designados &#8211; sentencias c\u00e9lebres, como el edicto del 7 de agosto de 1603 del Maestro del Sacro Palacio Giovanni Maria Guanzelli de Brisighella, luego reiterado bajo el pontificado de Pablo V. Borghese, que incluye en el \u00edndice toda la obra de Giordano Bruno y Tommaso Campanella (<em>Per.est. 18\/3, nn. 301 bis-ter  <\/em>); el decreto de 1616 relativo al copernicanismo (<em>Per.est. 18\/4, n. 417  <\/em>), o el edicto de 1634 que enumera, entre los t\u00edtulos que deben prohibirse por ser contrarios a la ortodoxia cat\u00f3lica, el <em>Di\u00e1logo de Galileo sobre los dos sistemas principales<\/em> (<em>Per.est. 18\/6, n. 53  <\/em>), para luego condenar los libros de Miguel de Molinos (<em>Per.est. 18\/15, n. 344  <\/em>), culpable de haber difundido el <em>veneno<\/em> del quietismo, hasta las prohibiciones que en el siglo XVIII golpearon, inexorablemente, a los partidarios de la<em> libertas philosophandi<\/em>, o incluso a los peri\u00f3dicos eruditos de amplia circulaci\u00f3n europea como el <em>Acta erudorum<\/em> de Leipzig. Si estos edictos de prohibici\u00f3n son a menudo el resultado de juicios muy publicitados, menos conocidas &#8211; pero no menos efectivas &#8211; son las disposiciones que actuaron contra la superstici\u00f3n popular mediante la condena de <em>operetas, historias, oraciones<\/em>, escritos devocionales, letan\u00edas, leyendas hagiogr\u00e1ficas ap\u00f3crifas y colecciones muy difundidas. de falsas indulgencias, como <em>Los Siete Gozos de la Virgen<\/em>, prohibidas en todo el Estado Pontificio a principios del siglo XVII (ver por ejemplo   <em>Per.est. 18\/4, n. 376bis  <\/em>), mientras que un decreto de prohibici\u00f3n similar afect\u00f3 en 1677 a las muy difundidas <em>Devociones en honor de Santa Ana<\/em>, folletos de unos pocos documentos en los que se apoya la inmaculada concepci\u00f3n de la santa.<\/p>\n<p>&nbsp;<\/p>\n<p><img decoding=\"async\" class=\"wp-image-4030\" src=\"http:\/\/casanatense.cultura.gov.it\/wp-content\/uploads\/2010\/01\/censura_bandi2.jpg\" alt=\"\" width=\"204\" height=\"159\"> Escudo de armas del Papa Pablo IV<\/p>\n<p>La mayor parte de las prohibiciones contenidas en los edictos destinados a publicar terminaron luego incluidas en los <em>\u00cdndices de libros prohibidos<\/em> publicados peri\u00f3dicamente con autorizaci\u00f3n del mismo pont\u00edfice, y de los que Casanatense tiene una serie casi ininterrumpida, desde el <em>Index librorum prohibitorum<\/em> impreso, entre 1558 y 1559, a petici\u00f3n de Pablo IV Carafa, hasta la \u00faltima edici\u00f3n publicada en 1948 durante el pontificado de P\u00edo XII.<br \/>Una ulterior y preciosa integraci\u00f3n a la documentaci\u00f3n conservada en la colecci\u00f3n de <em>Edictos y Comunicaciones<\/em> -y s\u00f3lo aqu\u00ed ejemplificada- la ofrecen los numerosos manuales y repertorios inquisitoriales propiedad de la biblioteca, como el <em>Directorium Inquisitorum<\/em> de Nicol\u00e1s Eymerich, el <em>Tractatus de haeresi<\/em> de Prospero Farinacci y el <em>arsenal sagrado<\/em> de Eliseo Masini, junto con muchos otros tratados para uso de los inquisidores, incluido el rar\u00edsimo <em>Scriniolum Sanctae Inquisitionis Astensis<\/em>, publicado en Asti en 1610, una valiosa fuente no s\u00f3lo para la reconstrucci\u00f3n de la historia de la censura de libros. en Italia, sino tambi\u00e9n para una mejor comprensi\u00f3n de la compleja relaci\u00f3n entre la autoridad central y las oficinas perif\u00e9ricas de los tribunales inquisitoriales (     <em>P.I.43 CC <\/em>).<\/p>\n<p class=\"txt-arial-xP-nero\" style=\"text-align: justify;\">Finalmente, son de gran inter\u00e9s, dentro de los vol\u00famenes de los <em>Edictos y avisos<\/em>, las disposiciones publicadas, hasta finales del siglo XVIII, por el Maestro del Sacro Palacio con el fin de regular y controlar, hasta el m\u00e1s m\u00ednimo detalle, todas las fases de la producci\u00f3n y el comercio del libro, prescribiendo reglas estrictas para <em>libreros, impresores, talladores, grabadores de libros, funcionarios de aduanas, correos, carteros y porteadores<\/em>, mientras que un art\u00edculo espec\u00edfico est\u00e1 dirigido a los jud\u00edos, de modo que \u00abning\u00fan jud\u00edo o de segunda mano El comerciante puede comprar o vender libros de cualquier tipo si surge sin permiso expreso por escrito \u00ab(<em>Per.est. 18\/2, n. 20bis  <\/em>).<br \/>Las sanciones en caso de violaci\u00f3n de estas disposiciones son severas y pueden conllevar, adem\u00e1s de la incautaci\u00f3n de libros, multas costosas y castigos corporales. Evidentemente, la actividad de control no excluye a las bibliotecas privadas, \u00abtanto las de los vivos como las de los muertos\u00bb. En caso de fallecimiento del propietario, los herederos deb\u00edan entregar una copia de los inventarios al Maestro del Sagrado Palacio, para verificar la presencia de textos sospechosos en la colecci\u00f3n, mientras que un ejemplo de c\u00f3mo funciona la m\u00e1quina de censura podr\u00eda apuntar no s\u00f3lo a autores y propietarios, sino tambi\u00e9n a impresores y libreros, es la excomuni\u00f3n en 1606 por Pablo V del impresor veneciano Roberto Meietti, ya culpable en 1599 de haber importado clandestinamente de Alemania un volumen de las prohibidas <em>Centurias Magdeburgenses<\/em> de Flacius Illyricus. En la <em>Instrucci\u00f3n y advertencias para quienes quieran imprimir libros en Roma<\/em> de 1607, el mencionado Guanzelli reiter\u00f3 -como har\u00edan m\u00e1s tarde muchos otros Maestros del Sagrado Palacio- las disposiciones relativas a la impresi\u00f3n, concluyendo as\u00ed: \u00abY si a alguien le parece que estas pedidos dif\u00edciles, que no se impriman, porque al mismo tiempo estar\u00e1n fuera de gastos, nosotros fuera de problemas, y ambos fuera de peligro, se har\u00e1 un gran da\u00f1o a la Rep\u00fablica, ya que habr\u00e1 tantos ejemplares de libros como cualquiera puede ver\u00bb (   <em>Per.est. 18\/4, n. 124bis  <\/em>).<\/p>\n<p><img decoding=\"async\" class=\"wp-image-4031\" src=\"http:\/\/casanatense.cultura.gov.it\/wp-content\/uploads\/2010\/01\/censura_bandi4-300x201.jpg\" alt=\"\" width=\"193\" height=\"129\" srcset=\"https:\/\/casanatense.cultura.gov.it\/wp-content\/uploads\/2010\/01\/censura_bandi4-300x201.jpg 300w, https:\/\/casanatense.cultura.gov.it\/wp-content\/uploads\/2010\/01\/censura_bandi4-272x182.jpg 272w, https:\/\/casanatense.cultura.gov.it\/wp-content\/uploads\/2010\/01\/censura_bandi4.jpg 350w\" sizes=\"(max-width: 193px) 100vw, 193px\" \/> Escudo de armas del Papa Urbano VIII<\/p>\n<p class=\"txt-arial-xP-nero\" style=\"text-align: justify;\"><em>Bibliografia<\/em><br \/><em> <img decoding=\"async\" style=\"border: 0;\" src=\"images\/stories\/icona_elenco.gif\" alt=\"\" width=\"13\" height=\"7\" border=\"0\">Registros de proclamaciones, edictos, notificaciones y disposiciones diversas relativas a la ciudad de Roma y al Estado Pontificio, Roma, Cuggiani, 1920-1958.<br \/><\/em><em><img decoding=\"async\" style=\"border: 0;\" src=\"images\/stories\/icona_elenco.gif\" alt=\"\" width=\"13\" height=\"7\" border=\"0\"><\/em><em>\u00cdndice de libros prohibidos. Director J. M. De Bujanda, Sherbrooke, Centre d\u2019\u00c9tudes de la Renaissance, \u00c9ditions de l\u2019Universit\u00e9 de Sherbrooke (Librairie Droz), 1985-2002. <\/em><br \/><em><img decoding=\"async\" style=\"border: 0;\" src=\"images\/stories\/icona_elenco.gif\" alt=\"\" width=\"13\" height=\"7\" border=\"0\"><\/em><em>Inquisici\u00f3n e \u00cdndice en los siglos XVI-XVIII. Controversias teol\u00f3gicas de las colecciones casanatense, Vigevano, Diakronia 1988. <br \/><\/em><em><img decoding=\"async\" style=\"border: 0;\" src=\"images\/stories\/icona_elenco.gif\" alt=\"\" width=\"13\" height=\"7\" border=\"0\"><\/em><em>E. Canone, El edicto de prohibici\u00f3n de las obras de Bruno y Campanella, \u00abBruniana  Campanelliana\u00bb, I (1995), pp. 43-61.<br \/><\/em><em><img decoding=\"async\" style=\"border: 0;\" src=\"images\/stories\/icona_elenco.gif\" alt=\"\" width=\"13\" height=\"7\" border=\"0\"><\/em><em>Giordano Bruno, 1548-1600. Exposici\u00f3n documental hist\u00f3rica (Roma, Biblioteca Casanatense, 7 de junio-30 de septiembre de 2000), Florencia, Olschki, 2000, parcialmente. p\u00e1gs.201-209. <br \/><\/em><em><img decoding=\"async\" style=\"border: 0;\" src=\"images\/stories\/icona_elenco.gif\" alt=\"\" width=\"13\" height=\"7\" border=\"0\"><\/em><em>J. M. De Bujanda &#8211; E. Canone, El edicto de prohibici\u00f3n de las obras de Bruno y Campanella. Un an\u00e1lisis bibliogr\u00e1fico, \u00abBruniana  Campanelliana\u00bb, VIII (2002), pp. 451-479. <br \/><\/em><em><img decoding=\"async\" style=\"border: 0;\" src=\"images\/stories\/icona_elenco.gif\" alt=\"\" width=\"13\" height=\"7\" border=\"0\"><\/em><em>M.-P. Lerner, Copernic suspendu et corrig\u00e9: sur deux d\u00e9crets de la Congr\u00e9gation Romaine de l\u2019Index (1616-1620), \u00abGalileiana\u00bb, I (2004), pp. 21-89<\/em><\/p>\n<p>[\/et_pb_text][\/et_pb_column][\/et_pb_row][\/et_pb_section]<\/p>\n","protected":false},"excerpt":{"rendered":"<p>[et_pb_section fb_built=\u00bb1&#8243; admin_label=\u00bbsection\u00bb _builder_version=\u00bb4.16&#8243; da_disable_devices=\u00bboff|off|off\u00bb global_colors_info=\u00bb{}\u00bb theme_builder_area=\u00bbpost_content\u00bb da_is_popup=\u00bboff\u00bb da_exit_intent=\u00bboff\u00bb da_has_close=\u00bbon\u00bb da_alt_close=\u00bboff\u00bb da_dark_close=\u00bboff\u00bb da_not_modal=\u00bbon\u00bb da_is_singular=\u00bboff\u00bb da_with_loader=\u00bboff\u00bb da_has_shadow=\u00bbon\u00bb][et_pb_row admin_label=\u00bbrow\u00bb _builder_version=\u00bb4.16&#8243; background_size=\u00bbinitial\u00bb background_position=\u00bbtop_left\u00bb background_repeat=\u00bbrepeat\u00bb global_colors_info=\u00bb{}\u00bb theme_builder_area=\u00bbpost_content\u00bb][et_pb_column type=\u00bb4_4&#8243; _builder_version=\u00bb4.16&#8243; custom_padding=\u00bb|||\u00bb global_colors_info=\u00bb{}\u00bb custom_padding__hover=\u00bb|||\u00bb theme_builder_area=\u00bbpost_content\u00bb][et_pb_text admin_label=\u00bbText\u00bb [&hellip;]<\/p>\n","protected":false},"author":1,"featured_media":259460,"comment_status":"open","ping_status":"open","sticky":false,"template":"","format":"standard","meta":{"_et_pb_use_builder":"","_et_pb_old_content":"","_et_gb_content_width":"","_price":"","_stock":"","_tribe_ticket_header":"","_tribe_default_ticket_provider":"","_tribe_ticket_capacity":"0","_ticket_start_date":"","_ticket_end_date":"","_tribe_ticket_show_description":"","_tribe_ticket_show_not_going":false,"_tribe_ticket_use_global_stock":"","_tribe_ticket_global_stock_level":"","_global_stock_mode":"","_global_stock_cap":"","_tribe_rsvp_for_event":"","_tribe_ticket_going_count":"","_tribe_ticket_not_going_count":"","_tribe_tickets_list":"[]","_tribe_ticket_has_attendee_info_fields":false,"footnotes":""},"categories":[156],"tags":[],"class_list":["post-259452","post","type-post","status-publish","format-standard","has-post-thumbnail","hentry","category-editoriales"],"yoast_head":"<!-- This site is optimized with the Yoast SEO plugin v27.4 - https:\/\/yoast.com\/product\/yoast-seo-wordpress\/ -->\n<title>Y si estas duras \u00f3rdenes le parecen a alguien... - Casanatense<\/title>\n<meta name=\"robots\" content=\"index, follow, max-snippet:-1, max-image-preview:large, max-video-preview:-1\" \/>\n<link rel=\"canonical\" href=\"https:\/\/casanatense.cultura.gov.it\/es\/editoriales\/y-si-estas-duras-ordenes-le-parecen-a-alguien\/\" \/>\n<meta property=\"og:locale\" content=\"es_ES\" \/>\n<meta property=\"og:type\" content=\"article\" \/>\n<meta property=\"og:title\" content=\"Y si estas duras \u00f3rdenes le parecen a alguien... - Casanatense\" \/>\n<meta property=\"og:description\" content=\"[et_pb_section fb_built=\u00bb1&#8243; admin_label=\u00bbsection\u00bb _builder_version=\u00bb4.16&#8243; da_disable_devices=\u00bboff|off|off\u00bb global_colors_info=\u00bb{}\u00bb theme_builder_area=\u00bbpost_content\u00bb da_is_popup=\u00bboff\u00bb da_exit_intent=\u00bboff\u00bb da_has_close=\u00bbon\u00bb da_alt_close=\u00bboff\u00bb da_dark_close=\u00bboff\u00bb da_not_modal=\u00bbon\u00bb da_is_singular=\u00bboff\u00bb da_with_loader=\u00bboff\u00bb da_has_shadow=\u00bbon\u00bb][et_pb_row admin_label=\u00bbrow\u00bb _builder_version=\u00bb4.16&#8243; background_size=\u00bbinitial\u00bb background_position=\u00bbtop_left\u00bb background_repeat=\u00bbrepeat\u00bb global_colors_info=\u00bb{}\u00bb theme_builder_area=\u00bbpost_content\u00bb][et_pb_column type=\u00bb4_4&#8243; _builder_version=\u00bb4.16&#8243; custom_padding=\u00bb|||\u00bb global_colors_info=\u00bb{}\u00bb custom_padding__hover=\u00bb|||\u00bb theme_builder_area=\u00bbpost_content\u00bb][et_pb_text admin_label=\u00bbText\u00bb [&hellip;]\" \/>\n<meta property=\"og:url\" content=\"https:\/\/casanatense.cultura.gov.it\/es\/editoriales\/y-si-estas-duras-ordenes-le-parecen-a-alguien\/\" \/>\n<meta property=\"og:site_name\" content=\"Casanatense\" \/>\n<meta property=\"article:publisher\" content=\"https:\/\/it-it.facebook.com\/people\/Biblioteca-Casanatense\/100064405343454\/\" \/>\n<meta property=\"article:published_time\" content=\"2010-01-15T11:41:34+00:00\" \/>\n<meta property=\"article:modified_time\" content=\"2024-08-29T15:49:41+00:00\" \/>\n<meta property=\"og:image\" content=\"https:\/\/casanatense.cultura.gov.it\/wp-content\/uploads\/2010\/01\/censura_home-1.jpg\" \/>\n\t<meta property=\"og:image:width\" content=\"465\" \/>\n\t<meta property=\"og:image:height\" content=\"411\" \/>\n\t<meta property=\"og:image:type\" content=\"image\/jpeg\" \/>\n<meta name=\"author\" content=\"Administrator\" \/>\n<meta name=\"twitter:card\" content=\"summary_large_image\" \/>\n<meta name=\"twitter:creator\" content=\"@casanatense\" \/>\n<meta name=\"twitter:site\" content=\"@casanatense\" \/>\n<meta name=\"twitter:label1\" content=\"Escrito por\" \/>\n\t<meta name=\"twitter:data1\" content=\"Administrator\" \/>\n\t<meta name=\"twitter:label2\" content=\"Tiempo de lectura\" \/>\n\t<meta name=\"twitter:data2\" content=\"9 minutos\" \/>\n<script type=\"application\/ld+json\" class=\"yoast-schema-graph\">{\"@context\":\"https:\\\/\\\/schema.org\",\"@graph\":[{\"@type\":\"Article\",\"@id\":\"https:\\\/\\\/casanatense.cultura.gov.it\\\/es\\\/editoriales\\\/y-si-estas-duras-ordenes-le-parecen-a-alguien\\\/#article\",\"isPartOf\":{\"@id\":\"https:\\\/\\\/casanatense.cultura.gov.it\\\/es\\\/editoriales\\\/y-si-estas-duras-ordenes-le-parecen-a-alguien\\\/\"},\"author\":{\"name\":\"Administrator\",\"@id\":\"https:\\\/\\\/casanatense.cultura.gov.it\\\/es\\\/#\\\/schema\\\/person\\\/f1311c8da130dd73785bad80152cc604\"},\"headline\":\"Y si estas duras \u00f3rdenes le parecen a alguien&#8230;\",\"datePublished\":\"2010-01-15T11:41:34+00:00\",\"dateModified\":\"2024-08-29T15:49:41+00:00\",\"mainEntityOfPage\":{\"@id\":\"https:\\\/\\\/casanatense.cultura.gov.it\\\/es\\\/editoriales\\\/y-si-estas-duras-ordenes-le-parecen-a-alguien\\\/\"},\"wordCount\":1781,\"commentCount\":0,\"publisher\":{\"@id\":\"https:\\\/\\\/casanatense.cultura.gov.it\\\/es\\\/#organization\"},\"image\":{\"@id\":\"https:\\\/\\\/casanatense.cultura.gov.it\\\/es\\\/editoriales\\\/y-si-estas-duras-ordenes-le-parecen-a-alguien\\\/#primaryimage\"},\"thumbnailUrl\":\"https:\\\/\\\/casanatense.cultura.gov.it\\\/wp-content\\\/uploads\\\/2010\\\/01\\\/censura_home-1.jpg\",\"articleSection\":[\"Editoriales\"],\"inLanguage\":\"es\",\"potentialAction\":[{\"@type\":\"CommentAction\",\"name\":\"Comment\",\"target\":[\"https:\\\/\\\/casanatense.cultura.gov.it\\\/es\\\/editoriales\\\/y-si-estas-duras-ordenes-le-parecen-a-alguien\\\/#respond\"]}]},{\"@type\":\"WebPage\",\"@id\":\"https:\\\/\\\/casanatense.cultura.gov.it\\\/es\\\/editoriales\\\/y-si-estas-duras-ordenes-le-parecen-a-alguien\\\/\",\"url\":\"https:\\\/\\\/casanatense.cultura.gov.it\\\/es\\\/editoriales\\\/y-si-estas-duras-ordenes-le-parecen-a-alguien\\\/\",\"name\":\"Y si estas duras \u00f3rdenes le parecen a alguien... - Casanatense\",\"isPartOf\":{\"@id\":\"https:\\\/\\\/casanatense.cultura.gov.it\\\/es\\\/#website\"},\"primaryImageOfPage\":{\"@id\":\"https:\\\/\\\/casanatense.cultura.gov.it\\\/es\\\/editoriales\\\/y-si-estas-duras-ordenes-le-parecen-a-alguien\\\/#primaryimage\"},\"image\":{\"@id\":\"https:\\\/\\\/casanatense.cultura.gov.it\\\/es\\\/editoriales\\\/y-si-estas-duras-ordenes-le-parecen-a-alguien\\\/#primaryimage\"},\"thumbnailUrl\":\"https:\\\/\\\/casanatense.cultura.gov.it\\\/wp-content\\\/uploads\\\/2010\\\/01\\\/censura_home-1.jpg\",\"datePublished\":\"2010-01-15T11:41:34+00:00\",\"dateModified\":\"2024-08-29T15:49:41+00:00\",\"breadcrumb\":{\"@id\":\"https:\\\/\\\/casanatense.cultura.gov.it\\\/es\\\/editoriales\\\/y-si-estas-duras-ordenes-le-parecen-a-alguien\\\/#breadcrumb\"},\"inLanguage\":\"es\",\"potentialAction\":[{\"@type\":\"ReadAction\",\"target\":[\"https:\\\/\\\/casanatense.cultura.gov.it\\\/es\\\/editoriales\\\/y-si-estas-duras-ordenes-le-parecen-a-alguien\\\/\"]}]},{\"@type\":\"ImageObject\",\"inLanguage\":\"es\",\"@id\":\"https:\\\/\\\/casanatense.cultura.gov.it\\\/es\\\/editoriales\\\/y-si-estas-duras-ordenes-le-parecen-a-alguien\\\/#primaryimage\",\"url\":\"https:\\\/\\\/casanatense.cultura.gov.it\\\/wp-content\\\/uploads\\\/2010\\\/01\\\/censura_home-1.jpg\",\"contentUrl\":\"https:\\\/\\\/casanatense.cultura.gov.it\\\/wp-content\\\/uploads\\\/2010\\\/01\\\/censura_home-1.jpg\",\"width\":465,\"height\":411},{\"@type\":\"BreadcrumbList\",\"@id\":\"https:\\\/\\\/casanatense.cultura.gov.it\\\/es\\\/editoriales\\\/y-si-estas-duras-ordenes-le-parecen-a-alguien\\\/#breadcrumb\",\"itemListElement\":[{\"@type\":\"ListItem\",\"position\":1,\"name\":\"Home\",\"item\":\"https:\\\/\\\/casanatense.cultura.gov.it\\\/es\\\/\"},{\"@type\":\"ListItem\",\"position\":2,\"name\":\"Y si estas duras \u00f3rdenes le parecen a alguien&#8230;\"}]},{\"@type\":\"WebSite\",\"@id\":\"https:\\\/\\\/casanatense.cultura.gov.it\\\/es\\\/#website\",\"url\":\"https:\\\/\\\/casanatense.cultura.gov.it\\\/es\\\/\",\"name\":\"Casanatense\",\"description\":\"Il sito della Biblioteca Casanatense\",\"publisher\":{\"@id\":\"https:\\\/\\\/casanatense.cultura.gov.it\\\/es\\\/#organization\"},\"potentialAction\":[{\"@type\":\"SearchAction\",\"target\":{\"@type\":\"EntryPoint\",\"urlTemplate\":\"https:\\\/\\\/casanatense.cultura.gov.it\\\/es\\\/?s={search_term_string}\"},\"query-input\":{\"@type\":\"PropertyValueSpecification\",\"valueRequired\":true,\"valueName\":\"search_term_string\"}}],\"inLanguage\":\"es\"},{\"@type\":\"Organization\",\"@id\":\"https:\\\/\\\/casanatense.cultura.gov.it\\\/es\\\/#organization\",\"name\":\"Biblioteca Casanatense\",\"url\":\"https:\\\/\\\/casanatense.cultura.gov.it\\\/es\\\/\",\"logo\":{\"@type\":\"ImageObject\",\"inLanguage\":\"es\",\"@id\":\"https:\\\/\\\/casanatense.cultura.gov.it\\\/es\\\/#\\\/schema\\\/logo\\\/image\\\/\",\"url\":\"https:\\\/\\\/casanatense.cultura.gov.it\\\/wp-content\\\/uploads\\\/2024\\\/03\\\/logo-casanatense-mibact.png\",\"contentUrl\":\"https:\\\/\\\/casanatense.cultura.gov.it\\\/wp-content\\\/uploads\\\/2024\\\/03\\\/logo-casanatense-mibact.png\",\"width\":250,\"height\":61,\"caption\":\"Biblioteca Casanatense\"},\"image\":{\"@id\":\"https:\\\/\\\/casanatense.cultura.gov.it\\\/es\\\/#\\\/schema\\\/logo\\\/image\\\/\"},\"sameAs\":[\"https:\\\/\\\/it-it.facebook.com\\\/people\\\/Biblioteca-Casanatense\\\/100064405343454\\\/\",\"https:\\\/\\\/x.com\\\/casanatense\",\"https:\\\/\\\/instagram.com\\\/bibliotecacasanatense?igshid=5hcnozoyuuy5\"]},{\"@type\":\"Person\",\"@id\":\"https:\\\/\\\/casanatense.cultura.gov.it\\\/es\\\/#\\\/schema\\\/person\\\/f1311c8da130dd73785bad80152cc604\",\"name\":\"Administrator\",\"url\":\"https:\\\/\\\/casanatense.cultura.gov.it\\\/es\\\/author\\\/administrator\\\/\"}]}<\/script>\n<!-- \/ Yoast SEO plugin. -->","yoast_head_json":{"title":"Y si estas duras \u00f3rdenes le parecen a alguien... - Casanatense","robots":{"index":"index","follow":"follow","max-snippet":"max-snippet:-1","max-image-preview":"max-image-preview:large","max-video-preview":"max-video-preview:-1"},"canonical":"https:\/\/casanatense.cultura.gov.it\/es\/editoriales\/y-si-estas-duras-ordenes-le-parecen-a-alguien\/","og_locale":"es_ES","og_type":"article","og_title":"Y si estas duras \u00f3rdenes le parecen a alguien... - Casanatense","og_description":"[et_pb_section fb_built=\u00bb1&#8243; admin_label=\u00bbsection\u00bb _builder_version=\u00bb4.16&#8243; da_disable_devices=\u00bboff|off|off\u00bb global_colors_info=\u00bb{}\u00bb theme_builder_area=\u00bbpost_content\u00bb da_is_popup=\u00bboff\u00bb da_exit_intent=\u00bboff\u00bb da_has_close=\u00bbon\u00bb da_alt_close=\u00bboff\u00bb da_dark_close=\u00bboff\u00bb da_not_modal=\u00bbon\u00bb da_is_singular=\u00bboff\u00bb da_with_loader=\u00bboff\u00bb da_has_shadow=\u00bbon\u00bb][et_pb_row admin_label=\u00bbrow\u00bb _builder_version=\u00bb4.16&#8243; background_size=\u00bbinitial\u00bb background_position=\u00bbtop_left\u00bb background_repeat=\u00bbrepeat\u00bb global_colors_info=\u00bb{}\u00bb theme_builder_area=\u00bbpost_content\u00bb][et_pb_column type=\u00bb4_4&#8243; _builder_version=\u00bb4.16&#8243; custom_padding=\u00bb|||\u00bb global_colors_info=\u00bb{}\u00bb custom_padding__hover=\u00bb|||\u00bb theme_builder_area=\u00bbpost_content\u00bb][et_pb_text admin_label=\u00bbText\u00bb [&hellip;]","og_url":"https:\/\/casanatense.cultura.gov.it\/es\/editoriales\/y-si-estas-duras-ordenes-le-parecen-a-alguien\/","og_site_name":"Casanatense","article_publisher":"https:\/\/it-it.facebook.com\/people\/Biblioteca-Casanatense\/100064405343454\/","article_published_time":"2010-01-15T11:41:34+00:00","article_modified_time":"2024-08-29T15:49:41+00:00","og_image":[{"width":465,"height":411,"url":"https:\/\/casanatense.cultura.gov.it\/wp-content\/uploads\/2010\/01\/censura_home-1.jpg","type":"image\/jpeg"}],"author":"Administrator","twitter_card":"summary_large_image","twitter_creator":"@casanatense","twitter_site":"@casanatense","twitter_misc":{"Escrito por":"Administrator","Tiempo de lectura":"9 minutos"},"schema":{"@context":"https:\/\/schema.org","@graph":[{"@type":"Article","@id":"https:\/\/casanatense.cultura.gov.it\/es\/editoriales\/y-si-estas-duras-ordenes-le-parecen-a-alguien\/#article","isPartOf":{"@id":"https:\/\/casanatense.cultura.gov.it\/es\/editoriales\/y-si-estas-duras-ordenes-le-parecen-a-alguien\/"},"author":{"name":"Administrator","@id":"https:\/\/casanatense.cultura.gov.it\/es\/#\/schema\/person\/f1311c8da130dd73785bad80152cc604"},"headline":"Y si estas duras \u00f3rdenes le parecen a alguien&#8230;","datePublished":"2010-01-15T11:41:34+00:00","dateModified":"2024-08-29T15:49:41+00:00","mainEntityOfPage":{"@id":"https:\/\/casanatense.cultura.gov.it\/es\/editoriales\/y-si-estas-duras-ordenes-le-parecen-a-alguien\/"},"wordCount":1781,"commentCount":0,"publisher":{"@id":"https:\/\/casanatense.cultura.gov.it\/es\/#organization"},"image":{"@id":"https:\/\/casanatense.cultura.gov.it\/es\/editoriales\/y-si-estas-duras-ordenes-le-parecen-a-alguien\/#primaryimage"},"thumbnailUrl":"https:\/\/casanatense.cultura.gov.it\/wp-content\/uploads\/2010\/01\/censura_home-1.jpg","articleSection":["Editoriales"],"inLanguage":"es","potentialAction":[{"@type":"CommentAction","name":"Comment","target":["https:\/\/casanatense.cultura.gov.it\/es\/editoriales\/y-si-estas-duras-ordenes-le-parecen-a-alguien\/#respond"]}]},{"@type":"WebPage","@id":"https:\/\/casanatense.cultura.gov.it\/es\/editoriales\/y-si-estas-duras-ordenes-le-parecen-a-alguien\/","url":"https:\/\/casanatense.cultura.gov.it\/es\/editoriales\/y-si-estas-duras-ordenes-le-parecen-a-alguien\/","name":"Y si estas duras \u00f3rdenes le parecen a alguien... - Casanatense","isPartOf":{"@id":"https:\/\/casanatense.cultura.gov.it\/es\/#website"},"primaryImageOfPage":{"@id":"https:\/\/casanatense.cultura.gov.it\/es\/editoriales\/y-si-estas-duras-ordenes-le-parecen-a-alguien\/#primaryimage"},"image":{"@id":"https:\/\/casanatense.cultura.gov.it\/es\/editoriales\/y-si-estas-duras-ordenes-le-parecen-a-alguien\/#primaryimage"},"thumbnailUrl":"https:\/\/casanatense.cultura.gov.it\/wp-content\/uploads\/2010\/01\/censura_home-1.jpg","datePublished":"2010-01-15T11:41:34+00:00","dateModified":"2024-08-29T15:49:41+00:00","breadcrumb":{"@id":"https:\/\/casanatense.cultura.gov.it\/es\/editoriales\/y-si-estas-duras-ordenes-le-parecen-a-alguien\/#breadcrumb"},"inLanguage":"es","potentialAction":[{"@type":"ReadAction","target":["https:\/\/casanatense.cultura.gov.it\/es\/editoriales\/y-si-estas-duras-ordenes-le-parecen-a-alguien\/"]}]},{"@type":"ImageObject","inLanguage":"es","@id":"https:\/\/casanatense.cultura.gov.it\/es\/editoriales\/y-si-estas-duras-ordenes-le-parecen-a-alguien\/#primaryimage","url":"https:\/\/casanatense.cultura.gov.it\/wp-content\/uploads\/2010\/01\/censura_home-1.jpg","contentUrl":"https:\/\/casanatense.cultura.gov.it\/wp-content\/uploads\/2010\/01\/censura_home-1.jpg","width":465,"height":411},{"@type":"BreadcrumbList","@id":"https:\/\/casanatense.cultura.gov.it\/es\/editoriales\/y-si-estas-duras-ordenes-le-parecen-a-alguien\/#breadcrumb","itemListElement":[{"@type":"ListItem","position":1,"name":"Home","item":"https:\/\/casanatense.cultura.gov.it\/es\/"},{"@type":"ListItem","position":2,"name":"Y si estas duras \u00f3rdenes le parecen a alguien&#8230;"}]},{"@type":"WebSite","@id":"https:\/\/casanatense.cultura.gov.it\/es\/#website","url":"https:\/\/casanatense.cultura.gov.it\/es\/","name":"Casanatense","description":"Il sito della Biblioteca Casanatense","publisher":{"@id":"https:\/\/casanatense.cultura.gov.it\/es\/#organization"},"potentialAction":[{"@type":"SearchAction","target":{"@type":"EntryPoint","urlTemplate":"https:\/\/casanatense.cultura.gov.it\/es\/?s={search_term_string}"},"query-input":{"@type":"PropertyValueSpecification","valueRequired":true,"valueName":"search_term_string"}}],"inLanguage":"es"},{"@type":"Organization","@id":"https:\/\/casanatense.cultura.gov.it\/es\/#organization","name":"Biblioteca Casanatense","url":"https:\/\/casanatense.cultura.gov.it\/es\/","logo":{"@type":"ImageObject","inLanguage":"es","@id":"https:\/\/casanatense.cultura.gov.it\/es\/#\/schema\/logo\/image\/","url":"https:\/\/casanatense.cultura.gov.it\/wp-content\/uploads\/2024\/03\/logo-casanatense-mibact.png","contentUrl":"https:\/\/casanatense.cultura.gov.it\/wp-content\/uploads\/2024\/03\/logo-casanatense-mibact.png","width":250,"height":61,"caption":"Biblioteca Casanatense"},"image":{"@id":"https:\/\/casanatense.cultura.gov.it\/es\/#\/schema\/logo\/image\/"},"sameAs":["https:\/\/it-it.facebook.com\/people\/Biblioteca-Casanatense\/100064405343454\/","https:\/\/x.com\/casanatense","https:\/\/instagram.com\/bibliotecacasanatense?igshid=5hcnozoyuuy5"]},{"@type":"Person","@id":"https:\/\/casanatense.cultura.gov.it\/es\/#\/schema\/person\/f1311c8da130dd73785bad80152cc604","name":"Administrator","url":"https:\/\/casanatense.cultura.gov.it\/es\/author\/administrator\/"}]}},"_links":{"self":[{"href":"https:\/\/casanatense.cultura.gov.it\/es\/wp-json\/wp\/v2\/posts\/259452","targetHints":{"allow":["GET"]}}],"collection":[{"href":"https:\/\/casanatense.cultura.gov.it\/es\/wp-json\/wp\/v2\/posts"}],"about":[{"href":"https:\/\/casanatense.cultura.gov.it\/es\/wp-json\/wp\/v2\/types\/post"}],"author":[{"embeddable":true,"href":"https:\/\/casanatense.cultura.gov.it\/es\/wp-json\/wp\/v2\/users\/1"}],"replies":[{"embeddable":true,"href":"https:\/\/casanatense.cultura.gov.it\/es\/wp-json\/wp\/v2\/comments?post=259452"}],"version-history":[{"count":2,"href":"https:\/\/casanatense.cultura.gov.it\/es\/wp-json\/wp\/v2\/posts\/259452\/revisions"}],"predecessor-version":[{"id":259470,"href":"https:\/\/casanatense.cultura.gov.it\/es\/wp-json\/wp\/v2\/posts\/259452\/revisions\/259470"}],"wp:featuredmedia":[{"embeddable":true,"href":"https:\/\/casanatense.cultura.gov.it\/es\/wp-json\/wp\/v2\/media\/259460"}],"wp:attachment":[{"href":"https:\/\/casanatense.cultura.gov.it\/es\/wp-json\/wp\/v2\/media?parent=259452"}],"wp:term":[{"taxonomy":"category","embeddable":true,"href":"https:\/\/casanatense.cultura.gov.it\/es\/wp-json\/wp\/v2\/categories?post=259452"},{"taxonomy":"post_tag","embeddable":true,"href":"https:\/\/casanatense.cultura.gov.it\/es\/wp-json\/wp\/v2\/tags?post=259452"}],"curies":[{"name":"wp","href":"https:\/\/api.w.org\/{rel}","templated":true}]}}