{"id":259809,"date":"2010-09-04T08:04:30","date_gmt":"2010-09-04T06:04:30","guid":{"rendered":"https:\/\/casanatense.cultura.gov.it\/sin-categorizar\/la-coleccion-judia-de-la-biblioteca-casanatense\/"},"modified":"2024-08-30T09:46:40","modified_gmt":"2024-08-30T07:46:40","slug":"la-coleccion-judia-de-la-biblioteca-casanatense","status":"publish","type":"post","link":"https:\/\/casanatense.cultura.gov.it\/es\/editoriales\/la-coleccion-judia-de-la-biblioteca-casanatense\/","title":{"rendered":"La colecci\u00f3n jud\u00eda de la Biblioteca Casanatense"},"content":{"rendered":"<p>[et_pb_section fb_built=\u00bb1&#8243; admin_label=\u00bbsection\u00bb _builder_version=\u00bb4.16&#8243; global_colors_info=\u00bb{}\u00bb theme_builder_area=\u00bbpost_content\u00bb da_is_popup=\u00bboff\u00bb da_exit_intent=\u00bboff\u00bb da_has_close=\u00bbon\u00bb da_alt_close=\u00bboff\u00bb da_dark_close=\u00bboff\u00bb da_not_modal=\u00bbon\u00bb da_is_singular=\u00bboff\u00bb da_with_loader=\u00bboff\u00bb da_has_shadow=\u00bbon\u00bb da_disable_devices=\u00bboff|off|off\u00bb][et_pb_row admin_label=\u00bbrow\u00bb _builder_version=\u00bb4.16&#8243; background_size=\u00bbinitial\u00bb background_position=\u00bbtop_left\u00bb background_repeat=\u00bbrepeat\u00bb global_colors_info=\u00bb{}\u00bb theme_builder_area=\u00bbpost_content\u00bb][et_pb_column type=\u00bb4_4&#8243; _builder_version=\u00bb4.16&#8243; custom_padding=\u00bb|||\u00bb global_colors_info=\u00bb{}\u00bb custom_padding__hover=\u00bb|||\u00bb theme_builder_area=\u00bbpost_content\u00bb][et_pb_text admin_label=\u00bbText\u00bb _builder_version=\u00bb4.27.0&#8243; background_size=\u00bbinitial\u00bb background_position=\u00bbtop_left\u00bb background_repeat=\u00bbrepeat\u00bb hover_enabled=\u00bb0&#8243; global_colors_info=\u00bb{}\u00bb theme_builder_area=\u00bbpost_content\u00bb sticky_enabled=\u00bb0&#8243;]<\/p>\n<h5 style=\"text-align: justify;\"><em>por Margherita Palumbo<\/em><\/h5>\n<p style=\"text-align: justify;\"><img decoding=\"async\" class=\"alignleft size-medium wp-image-3804\" src=\"http:\/\/casanatense.cultura.gov.it\/wp-content\/uploads\/2010\/09\/img_talmud_suffizio-300x217.jpg\" alt=\"\" width=\"300\" height=\"217\" srcset=\"https:\/\/casanatense.cultura.gov.it\/wp-content\/uploads\/2010\/09\/img_talmud_suffizio-300x217.jpg 300w, https:\/\/casanatense.cultura.gov.it\/wp-content\/uploads\/2010\/09\/img_talmud_suffizio.jpg 500w\" sizes=\"(max-width: 300px) 100vw, 300px\" \/>La Biblioteca Casanatense conserva un considerable fondo hebreo, compuesto por 237 manuscritos, 15 incunables, 280 libros del siglo XVI y alrededor de 300 ediciones de los siglos XVII y XVIII. La formaci\u00f3n de este fondo est\u00e1 indisolublemente ligada a la historia y naturaleza misma de esta biblioteca romana, fundada en 1701 por voluntad testamentaria del cardenal Girolamo Casanate (1620-1700), quien en 1698 decidi\u00f3 destinar su colecci\u00f3n de libros y cuantiosos ingresos a las m\u00e1s altas autoridades de la orden de los Dominicos: el Maestro General, el Maestro del Sacro Palacio \u2014la autoridad responsable del control de la imprenta y del comercio de libros en la ciudad de Roma\u2014, el Comisario del Santo Oficio, el Secretario de la Congregaci\u00f3n del \u00cdndice, el Procurador General de la Orden y finalmente el Prior del convento de Santa Maria sopra Minerva. El testamento \u2014conservado en el Archivo General de la Orden de los Predicadores\u2014 prev\u00e9 adem\u00e1s la fundaci\u00f3n, en la misma biblioteca, de un Colegio de seis te\u00f3logos dominicos, cuya tarea ser\u00eda \u00abaplicarse \u00fanicamente al servicio de Dios en la defensa de la sana doctrina\u00bb (AGOP, ms.XI.3070\/1, p. 18), estableciendo as\u00ed un fuerte v\u00ednculo entre la Casanatense en su conjunto, el Santo Oficio \u2014del cual Casanate fue miembro desde 1666 hasta su muerte\u2014 y la Congregaci\u00f3n del \u00cdndice, de la cual el cardenal fue Prefecto. Hasta 1870, muchos bibliotecarios y te\u00f3logos de la Casanatense estuvieron activos como censores, y su carrera dentro de las dos congregaciones de la Curia romana est\u00e1 bien documentada.<\/p>\n<p style=\"text-align: justify;\">Esta particular naturaleza de la Biblioteca es el origen del rico fondo hebreo que se conserva en ella. El incremento de la colecci\u00f3n se data, de hecho, en los a\u00f1os comprendidos entre 1734 y 1780, un periodo marcado por la promulgaci\u00f3n de medidas de control, censura y confiscaci\u00f3n de los <em>Libri degli Ebrei<\/em> por parte de pont\u00edfices como Clemente XII, Benedicto XIV y P\u00edo VI.<\/p>\n<p style=\"text-align: justify;\">La exposici\u00f3n busca delinear brevemente la historia del fondo hebreo de la Casanatense a trav\u00e9s de las valiosas informaciones proporcionadas por los antiguos registros de adquisiciones, que evidencian el papel que en esa historia tuvieron no solo los inquisidores y censores de la Iglesia de Roma, sino tambi\u00e9n algunos conversos, entre los cuales destaca Giovanni Antonio Costanzi.<\/p>\n<h5 style=\"text-align: justify;\"><strong>Giovanni Antonio Costanzi, \u201cgracias a quien se adquirieron m\u00e1s c\u00f3dices y libros\u2026\u201d<\/strong><\/h5>\n<p style=\"text-align: justify;\"><img decoding=\"async\" class=\"alignleft size-medium wp-image-3805\" src=\"http:\/\/casanatense.cultura.gov.it\/wp-content\/uploads\/2010\/09\/fondo_ebraico-300x70.jpg\" alt=\"\" width=\"300\" height=\"70\" srcset=\"https:\/\/casanatense.cultura.gov.it\/wp-content\/uploads\/2010\/09\/fondo_ebraico-300x70.jpg 300w, https:\/\/casanatense.cultura.gov.it\/wp-content\/uploads\/2010\/09\/fondo_ebraico-495x117.jpg 495w, https:\/\/casanatense.cultura.gov.it\/wp-content\/uploads\/2010\/09\/fondo_ebraico.jpg 500w\" sizes=\"(max-width: 300px) 100vw, 300px\" \/>De origen constantinopolitano, se desconoce el verdadero nombre de Giovanni Antonio Costanzi, ni se conoce la fecha exacta de su nacimiento, probablemente ocurrida a principios del siglo XVIII. En la <em>Prefaci\u00f3n<\/em> de 1749 a su tratado <em>La verit\u00e0 della cristiana religione contro le vane lusinghe de\u2019 moderni Ebrei<\/em>, Costanzi solo menciona la fecha de su bautismo, que tuvo lugar en la ciudad alemana de W\u00fcrzburg el 4 de marzo de 1731, \u00abdespu\u00e9s de haber ejercido durante casi ocho a\u00f1os la funci\u00f3n de Rabino en Spalato, y en varios lugares de Dalmacia, donde se encuentran dispersas algunas familias jud\u00edas\u00bb (ivi, p. xiv). Revisor de libros hebreos, en 1765 fue nombrado <em>Scriptor Hebraicus<\/em> de la Biblioteca Vaticana, cargo que ocup\u00f3 hasta su muerte en 1786. A Costanzi se deben muchas de las descripciones incluidas en el primer tomo del <em>Bibliothecae Vaticanae codicum manuscriptorum catalogus<\/em>, publicado por Giuseppe Simone Assemani en 1756. Documentos recientemente descubiertos atestiguan su actividad como consultor dentro de la Congregaci\u00f3n del Santo Oficio. El an\u00e1lisis de la documentaci\u00f3n conservada en el Archivo Hist\u00f3rico de la Biblioteca ha permitido identificar en Costanzi al mediador que facilit\u00f3 la adquisici\u00f3n \u2014entre 1738 y 1769\u2014 de <em>libros hebreos en masa<\/em>. A Costanzi se le atribuyen tambi\u00e9n las notas explicativas escritas como acompa\u00f1amiento a los cientos de vol\u00famenes manuscritos e impresos recibidos en esos a\u00f1os en la Casanatense: una colaboraci\u00f3n que en 1742 el prefecto Giandomenico Agnani recompens\u00f3 con una gratificaci\u00f3n en dinero, otorgada no solo porque gracias a Costanzi \u00abse adquirieron m\u00e1s c\u00f3dices y libros\u00bb, sino tambi\u00e9n \u00abpor la gran cantidad de informaci\u00f3n hebrea que proporciona para clasificar los c\u00f3dices hebreos\u00bb (<em>Registro de Libri,<\/em> ms. Cas. 480, 116<em>r<\/em>). Muchos de los ejemplares adquiridos a trav\u00e9s de Costanzi presentan la nota de posesi\u00f3n del Colegio de Ne\u00f3fitos, o signos de pertenencia a familias romanas.<\/p>\n<h5 style=\"text-align: justify;\"><strong>\u201cEn defensa de la sana doctrina\u2026\u201d. Los ejemplares de la Congregaci\u00f3n del Santo Oficio<\/strong><\/h5>\n<p style=\"text-align: justify;\"><img decoding=\"async\" class=\"alignleft size-medium wp-image-3806\" src=\"http:\/\/casanatense.cultura.gov.it\/wp-content\/uploads\/2010\/09\/fondo_ebraico1-213x300.jpg\" alt=\"\" width=\"213\" height=\"300\" srcset=\"https:\/\/casanatense.cultura.gov.it\/wp-content\/uploads\/2010\/09\/fondo_ebraico1-213x300.jpg 213w, https:\/\/casanatense.cultura.gov.it\/wp-content\/uploads\/2010\/09\/fondo_ebraico1.jpg 355w\" sizes=\"(max-width: 213px) 100vw, 213px\" \/>Muchos de los libros hebreos, tanto manuscritos como impresos, fueron transmitidos a la Casanatense por el Santo Oficio, la congregaci\u00f3n romana con la cual la Biblioteca mantuvo una relaci\u00f3n privilegiada y directa, como es evidente en las mismas disposiciones testamentarias del cardenal Casanate.<\/p>\n<p style=\"text-align: justify;\">El antiguo <em>Registro de Libri<\/em> documenta la donaci\u00f3n en 1744 de treinta vol\u00famenes por disposici\u00f3n del entonces Comisario del Santo Oficio y ex inquisidor de Mil\u00e1n, el dominico Alessandro Pio Sauli. A\u00fan m\u00e1s significativa fue la transferencia de libros que tuvo lugar en marzo de 1745, cuando la Congregaci\u00f3n destin\u00f3 a la Casanatense m\u00e1s de cincuenta vol\u00famenes, entre los cuales se encontraban dieciocho c\u00f3dices; un traspaso que es posible reconstruir gracias a los documentos conservados tanto en nuestra Biblioteca como en el Archivo de la Congregaci\u00f3n para la Doctrina de la Fe. En un memorial enviado a Benedicto XIV, los bibliotecarios de la Casanatense aseguraron que tales libros \u00abpodr\u00e1n conservarse muy bien: y en caso necesario, suministrarse al mismo Santo Tribunal, como realmente siempre se les proporcionan todos los dem\u00e1s libros que se ordenan\u00bb (ACDF, <em>S.O. Privilegia 1743-1749<\/em>, c. 178<em>r<\/em>). Una breve nota sobre estos vol\u00famenes fue redactada por el bibliotecario Tommaso Schiara, con motivo de la \u00abFiesta de Pascua de 1744 en la cual estuvimos con el mismo [el asesor del Santo Oficio Guglielmi] en un almuerzo, dejada en manos del Prelado para que <em>data oportunitate<\/em> hablara con Su Santidad Benedicto XIV\u00bb (<em>Registro de Libri,<\/em> ms. Cas. 480, all. 1, c. 2<em>r<\/em>).<\/p>\n<p style=\"text-align: justify;\">Finalmente, manuscritos y libros hebreos fueron enviados en 1759 por el dominico Tommaso Agostino Ricchini, quien fue secretario de la Congregaci\u00f3n del \u00cdndice y ese mismo a\u00f1o nombrado Maestro del Sacro Palacio, la autoridad responsable del control de la imprenta y el comercio de libros en la ciudad de Roma. Los vol\u00famenes transmitidos en 1759 est\u00e1n actualmente en proceso de identificaci\u00f3n dentro de nuestros fondos bibliogr\u00e1ficos.<\/p>\n<p>[\/et_pb_text][\/et_pb_column][\/et_pb_row][\/et_pb_section]<\/p>\n","protected":false},"excerpt":{"rendered":"<p>[et_pb_section fb_built=\u00bb1&#8243; admin_label=\u00bbsection\u00bb _builder_version=\u00bb4.16&#8243; global_colors_info=\u00bb{}\u00bb theme_builder_area=\u00bbpost_content\u00bb da_is_popup=\u00bboff\u00bb da_exit_intent=\u00bboff\u00bb da_has_close=\u00bbon\u00bb da_alt_close=\u00bboff\u00bb da_dark_close=\u00bboff\u00bb da_not_modal=\u00bbon\u00bb da_is_singular=\u00bboff\u00bb da_with_loader=\u00bboff\u00bb da_has_shadow=\u00bbon\u00bb da_disable_devices=\u00bboff|off|off\u00bb][et_pb_row admin_label=\u00bbrow\u00bb _builder_version=\u00bb4.16&#8243; background_size=\u00bbinitial\u00bb background_position=\u00bbtop_left\u00bb background_repeat=\u00bbrepeat\u00bb global_colors_info=\u00bb{}\u00bb theme_builder_area=\u00bbpost_content\u00bb][et_pb_column type=\u00bb4_4&#8243; _builder_version=\u00bb4.16&#8243; custom_padding=\u00bb|||\u00bb global_colors_info=\u00bb{}\u00bb custom_padding__hover=\u00bb|||\u00bb theme_builder_area=\u00bbpost_content\u00bb][et_pb_text admin_label=\u00bbText\u00bb [&hellip;]<\/p>\n","protected":false},"author":1,"featured_media":259812,"comment_status":"open","ping_status":"open","sticky":false,"template":"","format":"standard","meta":{"_et_pb_use_builder":"","_et_pb_old_content":"","_et_gb_content_width":"","_price":"","_stock":"","_tribe_ticket_header":"","_tribe_default_ticket_provider":"","_tribe_ticket_capacity":"0","_ticket_start_date":"","_ticket_end_date":"","_tribe_ticket_show_description":"","_tribe_ticket_show_not_going":false,"_tribe_ticket_use_global_stock":"","_tribe_ticket_global_stock_level":"","_global_stock_mode":"","_global_stock_cap":"","_tribe_rsvp_for_event":"","_tribe_ticket_going_count":"","_tribe_ticket_not_going_count":"","_tribe_tickets_list":"[]","_tribe_ticket_has_attendee_info_fields":false,"footnotes":""},"categories":[156],"tags":[],"class_list":["post-259809","post","type-post","status-publish","format-standard","has-post-thumbnail","hentry","category-editoriales"],"yoast_head":"<!-- This site is optimized with the Yoast SEO plugin v27.4 - https:\/\/yoast.com\/product\/yoast-seo-wordpress\/ -->\n<title>La colecci\u00f3n jud\u00eda de la Biblioteca Casanatense - Casanatense<\/title>\n<meta name=\"robots\" content=\"index, follow, max-snippet:-1, max-image-preview:large, max-video-preview:-1\" \/>\n<link rel=\"canonical\" href=\"https:\/\/casanatense.cultura.gov.it\/es\/editoriales\/la-coleccion-judia-de-la-biblioteca-casanatense\/\" \/>\n<meta property=\"og:locale\" content=\"es_ES\" \/>\n<meta property=\"og:type\" content=\"article\" \/>\n<meta property=\"og:title\" content=\"La colecci\u00f3n jud\u00eda de la Biblioteca Casanatense - Casanatense\" \/>\n<meta property=\"og:description\" content=\"[et_pb_section fb_built=\u00bb1&#8243; admin_label=\u00bbsection\u00bb _builder_version=\u00bb4.16&#8243; global_colors_info=\u00bb{}\u00bb theme_builder_area=\u00bbpost_content\u00bb da_is_popup=\u00bboff\u00bb da_exit_intent=\u00bboff\u00bb da_has_close=\u00bbon\u00bb da_alt_close=\u00bboff\u00bb da_dark_close=\u00bboff\u00bb da_not_modal=\u00bbon\u00bb da_is_singular=\u00bboff\u00bb da_with_loader=\u00bboff\u00bb da_has_shadow=\u00bbon\u00bb da_disable_devices=\u00bboff|off|off\u00bb][et_pb_row admin_label=\u00bbrow\u00bb _builder_version=\u00bb4.16&#8243; background_size=\u00bbinitial\u00bb background_position=\u00bbtop_left\u00bb background_repeat=\u00bbrepeat\u00bb global_colors_info=\u00bb{}\u00bb theme_builder_area=\u00bbpost_content\u00bb][et_pb_column type=\u00bb4_4&#8243; _builder_version=\u00bb4.16&#8243; custom_padding=\u00bb|||\u00bb global_colors_info=\u00bb{}\u00bb custom_padding__hover=\u00bb|||\u00bb theme_builder_area=\u00bbpost_content\u00bb][et_pb_text admin_label=\u00bbText\u00bb [&hellip;]\" \/>\n<meta property=\"og:url\" content=\"https:\/\/casanatense.cultura.gov.it\/es\/editoriales\/la-coleccion-judia-de-la-biblioteca-casanatense\/\" \/>\n<meta property=\"og:site_name\" content=\"Casanatense\" \/>\n<meta property=\"article:publisher\" content=\"https:\/\/it-it.facebook.com\/people\/Biblioteca-Casanatense\/100064405343454\/\" \/>\n<meta property=\"article:published_time\" content=\"2010-09-04T06:04:30+00:00\" \/>\n<meta property=\"article:modified_time\" content=\"2024-08-30T07:46:40+00:00\" \/>\n<meta property=\"og:image\" content=\"https:\/\/casanatense.cultura.gov.it\/wp-content\/uploads\/2010\/09\/fondo_ebraico1.jpg\" \/>\n\t<meta property=\"og:image:width\" content=\"355\" \/>\n\t<meta property=\"og:image:height\" content=\"500\" \/>\n\t<meta property=\"og:image:type\" content=\"image\/jpeg\" \/>\n<meta name=\"author\" content=\"Administrator\" \/>\n<meta name=\"twitter:card\" content=\"summary_large_image\" \/>\n<meta name=\"twitter:creator\" content=\"@casanatense\" \/>\n<meta name=\"twitter:site\" content=\"@casanatense\" \/>\n<meta name=\"twitter:label1\" content=\"Escrito por\" \/>\n\t<meta name=\"twitter:data1\" content=\"Administrator\" \/>\n\t<meta name=\"twitter:label2\" content=\"Tiempo de lectura\" \/>\n\t<meta name=\"twitter:data2\" content=\"6 minutos\" \/>\n<script type=\"application\/ld+json\" class=\"yoast-schema-graph\">{\"@context\":\"https:\\\/\\\/schema.org\",\"@graph\":[{\"@type\":\"Article\",\"@id\":\"https:\\\/\\\/casanatense.cultura.gov.it\\\/es\\\/editoriales\\\/la-coleccion-judia-de-la-biblioteca-casanatense\\\/#article\",\"isPartOf\":{\"@id\":\"https:\\\/\\\/casanatense.cultura.gov.it\\\/es\\\/editoriales\\\/la-coleccion-judia-de-la-biblioteca-casanatense\\\/\"},\"author\":{\"name\":\"Administrator\",\"@id\":\"https:\\\/\\\/casanatense.cultura.gov.it\\\/es\\\/#\\\/schema\\\/person\\\/f1311c8da130dd73785bad80152cc604\"},\"headline\":\"La colecci\u00f3n jud\u00eda de la Biblioteca Casanatense\",\"datePublished\":\"2010-09-04T06:04:30+00:00\",\"dateModified\":\"2024-08-30T07:46:40+00:00\",\"mainEntityOfPage\":{\"@id\":\"https:\\\/\\\/casanatense.cultura.gov.it\\\/es\\\/editoriales\\\/la-coleccion-judia-de-la-biblioteca-casanatense\\\/\"},\"wordCount\":1212,\"commentCount\":0,\"publisher\":{\"@id\":\"https:\\\/\\\/casanatense.cultura.gov.it\\\/es\\\/#organization\"},\"image\":{\"@id\":\"https:\\\/\\\/casanatense.cultura.gov.it\\\/es\\\/editoriales\\\/la-coleccion-judia-de-la-biblioteca-casanatense\\\/#primaryimage\"},\"thumbnailUrl\":\"https:\\\/\\\/casanatense.cultura.gov.it\\\/wp-content\\\/uploads\\\/2010\\\/09\\\/fondo_ebraico1.jpg\",\"articleSection\":[\"Editoriales\"],\"inLanguage\":\"es\",\"potentialAction\":[{\"@type\":\"CommentAction\",\"name\":\"Comment\",\"target\":[\"https:\\\/\\\/casanatense.cultura.gov.it\\\/es\\\/editoriales\\\/la-coleccion-judia-de-la-biblioteca-casanatense\\\/#respond\"]}]},{\"@type\":\"WebPage\",\"@id\":\"https:\\\/\\\/casanatense.cultura.gov.it\\\/es\\\/editoriales\\\/la-coleccion-judia-de-la-biblioteca-casanatense\\\/\",\"url\":\"https:\\\/\\\/casanatense.cultura.gov.it\\\/es\\\/editoriales\\\/la-coleccion-judia-de-la-biblioteca-casanatense\\\/\",\"name\":\"La colecci\u00f3n jud\u00eda de la Biblioteca Casanatense - Casanatense\",\"isPartOf\":{\"@id\":\"https:\\\/\\\/casanatense.cultura.gov.it\\\/es\\\/#website\"},\"primaryImageOfPage\":{\"@id\":\"https:\\\/\\\/casanatense.cultura.gov.it\\\/es\\\/editoriales\\\/la-coleccion-judia-de-la-biblioteca-casanatense\\\/#primaryimage\"},\"image\":{\"@id\":\"https:\\\/\\\/casanatense.cultura.gov.it\\\/es\\\/editoriales\\\/la-coleccion-judia-de-la-biblioteca-casanatense\\\/#primaryimage\"},\"thumbnailUrl\":\"https:\\\/\\\/casanatense.cultura.gov.it\\\/wp-content\\\/uploads\\\/2010\\\/09\\\/fondo_ebraico1.jpg\",\"datePublished\":\"2010-09-04T06:04:30+00:00\",\"dateModified\":\"2024-08-30T07:46:40+00:00\",\"breadcrumb\":{\"@id\":\"https:\\\/\\\/casanatense.cultura.gov.it\\\/es\\\/editoriales\\\/la-coleccion-judia-de-la-biblioteca-casanatense\\\/#breadcrumb\"},\"inLanguage\":\"es\",\"potentialAction\":[{\"@type\":\"ReadAction\",\"target\":[\"https:\\\/\\\/casanatense.cultura.gov.it\\\/es\\\/editoriales\\\/la-coleccion-judia-de-la-biblioteca-casanatense\\\/\"]}]},{\"@type\":\"ImageObject\",\"inLanguage\":\"es\",\"@id\":\"https:\\\/\\\/casanatense.cultura.gov.it\\\/es\\\/editoriales\\\/la-coleccion-judia-de-la-biblioteca-casanatense\\\/#primaryimage\",\"url\":\"https:\\\/\\\/casanatense.cultura.gov.it\\\/wp-content\\\/uploads\\\/2010\\\/09\\\/fondo_ebraico1.jpg\",\"contentUrl\":\"https:\\\/\\\/casanatense.cultura.gov.it\\\/wp-content\\\/uploads\\\/2010\\\/09\\\/fondo_ebraico1.jpg\",\"width\":355,\"height\":500},{\"@type\":\"BreadcrumbList\",\"@id\":\"https:\\\/\\\/casanatense.cultura.gov.it\\\/es\\\/editoriales\\\/la-coleccion-judia-de-la-biblioteca-casanatense\\\/#breadcrumb\",\"itemListElement\":[{\"@type\":\"ListItem\",\"position\":1,\"name\":\"Home\",\"item\":\"https:\\\/\\\/casanatense.cultura.gov.it\\\/es\\\/\"},{\"@type\":\"ListItem\",\"position\":2,\"name\":\"La colecci\u00f3n jud\u00eda de la Biblioteca Casanatense\"}]},{\"@type\":\"WebSite\",\"@id\":\"https:\\\/\\\/casanatense.cultura.gov.it\\\/es\\\/#website\",\"url\":\"https:\\\/\\\/casanatense.cultura.gov.it\\\/es\\\/\",\"name\":\"Casanatense\",\"description\":\"Il sito della Biblioteca Casanatense\",\"publisher\":{\"@id\":\"https:\\\/\\\/casanatense.cultura.gov.it\\\/es\\\/#organization\"},\"potentialAction\":[{\"@type\":\"SearchAction\",\"target\":{\"@type\":\"EntryPoint\",\"urlTemplate\":\"https:\\\/\\\/casanatense.cultura.gov.it\\\/es\\\/?s={search_term_string}\"},\"query-input\":{\"@type\":\"PropertyValueSpecification\",\"valueRequired\":true,\"valueName\":\"search_term_string\"}}],\"inLanguage\":\"es\"},{\"@type\":\"Organization\",\"@id\":\"https:\\\/\\\/casanatense.cultura.gov.it\\\/es\\\/#organization\",\"name\":\"Biblioteca Casanatense\",\"url\":\"https:\\\/\\\/casanatense.cultura.gov.it\\\/es\\\/\",\"logo\":{\"@type\":\"ImageObject\",\"inLanguage\":\"es\",\"@id\":\"https:\\\/\\\/casanatense.cultura.gov.it\\\/es\\\/#\\\/schema\\\/logo\\\/image\\\/\",\"url\":\"https:\\\/\\\/casanatense.cultura.gov.it\\\/wp-content\\\/uploads\\\/2024\\\/03\\\/logo-casanatense-mibact.png\",\"contentUrl\":\"https:\\\/\\\/casanatense.cultura.gov.it\\\/wp-content\\\/uploads\\\/2024\\\/03\\\/logo-casanatense-mibact.png\",\"width\":250,\"height\":61,\"caption\":\"Biblioteca Casanatense\"},\"image\":{\"@id\":\"https:\\\/\\\/casanatense.cultura.gov.it\\\/es\\\/#\\\/schema\\\/logo\\\/image\\\/\"},\"sameAs\":[\"https:\\\/\\\/it-it.facebook.com\\\/people\\\/Biblioteca-Casanatense\\\/100064405343454\\\/\",\"https:\\\/\\\/x.com\\\/casanatense\",\"https:\\\/\\\/instagram.com\\\/bibliotecacasanatense?igshid=5hcnozoyuuy5\"]},{\"@type\":\"Person\",\"@id\":\"https:\\\/\\\/casanatense.cultura.gov.it\\\/es\\\/#\\\/schema\\\/person\\\/f1311c8da130dd73785bad80152cc604\",\"name\":\"Administrator\",\"url\":\"https:\\\/\\\/casanatense.cultura.gov.it\\\/es\\\/author\\\/administrator\\\/\"}]}<\/script>\n<!-- \/ Yoast SEO plugin. -->","yoast_head_json":{"title":"La colecci\u00f3n jud\u00eda de la Biblioteca Casanatense - Casanatense","robots":{"index":"index","follow":"follow","max-snippet":"max-snippet:-1","max-image-preview":"max-image-preview:large","max-video-preview":"max-video-preview:-1"},"canonical":"https:\/\/casanatense.cultura.gov.it\/es\/editoriales\/la-coleccion-judia-de-la-biblioteca-casanatense\/","og_locale":"es_ES","og_type":"article","og_title":"La colecci\u00f3n jud\u00eda de la Biblioteca Casanatense - Casanatense","og_description":"[et_pb_section fb_built=\u00bb1&#8243; admin_label=\u00bbsection\u00bb _builder_version=\u00bb4.16&#8243; global_colors_info=\u00bb{}\u00bb theme_builder_area=\u00bbpost_content\u00bb da_is_popup=\u00bboff\u00bb da_exit_intent=\u00bboff\u00bb da_has_close=\u00bbon\u00bb da_alt_close=\u00bboff\u00bb da_dark_close=\u00bboff\u00bb da_not_modal=\u00bbon\u00bb da_is_singular=\u00bboff\u00bb da_with_loader=\u00bboff\u00bb da_has_shadow=\u00bbon\u00bb da_disable_devices=\u00bboff|off|off\u00bb][et_pb_row admin_label=\u00bbrow\u00bb _builder_version=\u00bb4.16&#8243; background_size=\u00bbinitial\u00bb background_position=\u00bbtop_left\u00bb background_repeat=\u00bbrepeat\u00bb global_colors_info=\u00bb{}\u00bb theme_builder_area=\u00bbpost_content\u00bb][et_pb_column type=\u00bb4_4&#8243; _builder_version=\u00bb4.16&#8243; custom_padding=\u00bb|||\u00bb global_colors_info=\u00bb{}\u00bb custom_padding__hover=\u00bb|||\u00bb theme_builder_area=\u00bbpost_content\u00bb][et_pb_text admin_label=\u00bbText\u00bb [&hellip;]","og_url":"https:\/\/casanatense.cultura.gov.it\/es\/editoriales\/la-coleccion-judia-de-la-biblioteca-casanatense\/","og_site_name":"Casanatense","article_publisher":"https:\/\/it-it.facebook.com\/people\/Biblioteca-Casanatense\/100064405343454\/","article_published_time":"2010-09-04T06:04:30+00:00","article_modified_time":"2024-08-30T07:46:40+00:00","og_image":[{"width":355,"height":500,"url":"https:\/\/casanatense.cultura.gov.it\/wp-content\/uploads\/2010\/09\/fondo_ebraico1.jpg","type":"image\/jpeg"}],"author":"Administrator","twitter_card":"summary_large_image","twitter_creator":"@casanatense","twitter_site":"@casanatense","twitter_misc":{"Escrito por":"Administrator","Tiempo de lectura":"6 minutos"},"schema":{"@context":"https:\/\/schema.org","@graph":[{"@type":"Article","@id":"https:\/\/casanatense.cultura.gov.it\/es\/editoriales\/la-coleccion-judia-de-la-biblioteca-casanatense\/#article","isPartOf":{"@id":"https:\/\/casanatense.cultura.gov.it\/es\/editoriales\/la-coleccion-judia-de-la-biblioteca-casanatense\/"},"author":{"name":"Administrator","@id":"https:\/\/casanatense.cultura.gov.it\/es\/#\/schema\/person\/f1311c8da130dd73785bad80152cc604"},"headline":"La colecci\u00f3n jud\u00eda de la Biblioteca Casanatense","datePublished":"2010-09-04T06:04:30+00:00","dateModified":"2024-08-30T07:46:40+00:00","mainEntityOfPage":{"@id":"https:\/\/casanatense.cultura.gov.it\/es\/editoriales\/la-coleccion-judia-de-la-biblioteca-casanatense\/"},"wordCount":1212,"commentCount":0,"publisher":{"@id":"https:\/\/casanatense.cultura.gov.it\/es\/#organization"},"image":{"@id":"https:\/\/casanatense.cultura.gov.it\/es\/editoriales\/la-coleccion-judia-de-la-biblioteca-casanatense\/#primaryimage"},"thumbnailUrl":"https:\/\/casanatense.cultura.gov.it\/wp-content\/uploads\/2010\/09\/fondo_ebraico1.jpg","articleSection":["Editoriales"],"inLanguage":"es","potentialAction":[{"@type":"CommentAction","name":"Comment","target":["https:\/\/casanatense.cultura.gov.it\/es\/editoriales\/la-coleccion-judia-de-la-biblioteca-casanatense\/#respond"]}]},{"@type":"WebPage","@id":"https:\/\/casanatense.cultura.gov.it\/es\/editoriales\/la-coleccion-judia-de-la-biblioteca-casanatense\/","url":"https:\/\/casanatense.cultura.gov.it\/es\/editoriales\/la-coleccion-judia-de-la-biblioteca-casanatense\/","name":"La colecci\u00f3n jud\u00eda de la Biblioteca Casanatense - Casanatense","isPartOf":{"@id":"https:\/\/casanatense.cultura.gov.it\/es\/#website"},"primaryImageOfPage":{"@id":"https:\/\/casanatense.cultura.gov.it\/es\/editoriales\/la-coleccion-judia-de-la-biblioteca-casanatense\/#primaryimage"},"image":{"@id":"https:\/\/casanatense.cultura.gov.it\/es\/editoriales\/la-coleccion-judia-de-la-biblioteca-casanatense\/#primaryimage"},"thumbnailUrl":"https:\/\/casanatense.cultura.gov.it\/wp-content\/uploads\/2010\/09\/fondo_ebraico1.jpg","datePublished":"2010-09-04T06:04:30+00:00","dateModified":"2024-08-30T07:46:40+00:00","breadcrumb":{"@id":"https:\/\/casanatense.cultura.gov.it\/es\/editoriales\/la-coleccion-judia-de-la-biblioteca-casanatense\/#breadcrumb"},"inLanguage":"es","potentialAction":[{"@type":"ReadAction","target":["https:\/\/casanatense.cultura.gov.it\/es\/editoriales\/la-coleccion-judia-de-la-biblioteca-casanatense\/"]}]},{"@type":"ImageObject","inLanguage":"es","@id":"https:\/\/casanatense.cultura.gov.it\/es\/editoriales\/la-coleccion-judia-de-la-biblioteca-casanatense\/#primaryimage","url":"https:\/\/casanatense.cultura.gov.it\/wp-content\/uploads\/2010\/09\/fondo_ebraico1.jpg","contentUrl":"https:\/\/casanatense.cultura.gov.it\/wp-content\/uploads\/2010\/09\/fondo_ebraico1.jpg","width":355,"height":500},{"@type":"BreadcrumbList","@id":"https:\/\/casanatense.cultura.gov.it\/es\/editoriales\/la-coleccion-judia-de-la-biblioteca-casanatense\/#breadcrumb","itemListElement":[{"@type":"ListItem","position":1,"name":"Home","item":"https:\/\/casanatense.cultura.gov.it\/es\/"},{"@type":"ListItem","position":2,"name":"La colecci\u00f3n jud\u00eda de la Biblioteca Casanatense"}]},{"@type":"WebSite","@id":"https:\/\/casanatense.cultura.gov.it\/es\/#website","url":"https:\/\/casanatense.cultura.gov.it\/es\/","name":"Casanatense","description":"Il sito della Biblioteca Casanatense","publisher":{"@id":"https:\/\/casanatense.cultura.gov.it\/es\/#organization"},"potentialAction":[{"@type":"SearchAction","target":{"@type":"EntryPoint","urlTemplate":"https:\/\/casanatense.cultura.gov.it\/es\/?s={search_term_string}"},"query-input":{"@type":"PropertyValueSpecification","valueRequired":true,"valueName":"search_term_string"}}],"inLanguage":"es"},{"@type":"Organization","@id":"https:\/\/casanatense.cultura.gov.it\/es\/#organization","name":"Biblioteca Casanatense","url":"https:\/\/casanatense.cultura.gov.it\/es\/","logo":{"@type":"ImageObject","inLanguage":"es","@id":"https:\/\/casanatense.cultura.gov.it\/es\/#\/schema\/logo\/image\/","url":"https:\/\/casanatense.cultura.gov.it\/wp-content\/uploads\/2024\/03\/logo-casanatense-mibact.png","contentUrl":"https:\/\/casanatense.cultura.gov.it\/wp-content\/uploads\/2024\/03\/logo-casanatense-mibact.png","width":250,"height":61,"caption":"Biblioteca Casanatense"},"image":{"@id":"https:\/\/casanatense.cultura.gov.it\/es\/#\/schema\/logo\/image\/"},"sameAs":["https:\/\/it-it.facebook.com\/people\/Biblioteca-Casanatense\/100064405343454\/","https:\/\/x.com\/casanatense","https:\/\/instagram.com\/bibliotecacasanatense?igshid=5hcnozoyuuy5"]},{"@type":"Person","@id":"https:\/\/casanatense.cultura.gov.it\/es\/#\/schema\/person\/f1311c8da130dd73785bad80152cc604","name":"Administrator","url":"https:\/\/casanatense.cultura.gov.it\/es\/author\/administrator\/"}]}},"_links":{"self":[{"href":"https:\/\/casanatense.cultura.gov.it\/es\/wp-json\/wp\/v2\/posts\/259809","targetHints":{"allow":["GET"]}}],"collection":[{"href":"https:\/\/casanatense.cultura.gov.it\/es\/wp-json\/wp\/v2\/posts"}],"about":[{"href":"https:\/\/casanatense.cultura.gov.it\/es\/wp-json\/wp\/v2\/types\/post"}],"author":[{"embeddable":true,"href":"https:\/\/casanatense.cultura.gov.it\/es\/wp-json\/wp\/v2\/users\/1"}],"replies":[{"embeddable":true,"href":"https:\/\/casanatense.cultura.gov.it\/es\/wp-json\/wp\/v2\/comments?post=259809"}],"version-history":[{"count":2,"href":"https:\/\/casanatense.cultura.gov.it\/es\/wp-json\/wp\/v2\/posts\/259809\/revisions"}],"predecessor-version":[{"id":259814,"href":"https:\/\/casanatense.cultura.gov.it\/es\/wp-json\/wp\/v2\/posts\/259809\/revisions\/259814"}],"wp:featuredmedia":[{"embeddable":true,"href":"https:\/\/casanatense.cultura.gov.it\/es\/wp-json\/wp\/v2\/media\/259812"}],"wp:attachment":[{"href":"https:\/\/casanatense.cultura.gov.it\/es\/wp-json\/wp\/v2\/media?parent=259809"}],"wp:term":[{"taxonomy":"category","embeddable":true,"href":"https:\/\/casanatense.cultura.gov.it\/es\/wp-json\/wp\/v2\/categories?post=259809"},{"taxonomy":"post_tag","embeddable":true,"href":"https:\/\/casanatense.cultura.gov.it\/es\/wp-json\/wp\/v2\/tags?post=259809"}],"curies":[{"name":"wp","href":"https:\/\/api.w.org\/{rel}","templated":true}]}}