{"id":260260,"date":"2009-09-25T10:16:00","date_gmt":"2009-09-25T08:16:00","guid":{"rendered":"https:\/\/casanatense.cultura.gov.it\/sin-categorizar\/ippolito-salviani-el-impresor-cientifico\/"},"modified":"2024-09-29T12:13:12","modified_gmt":"2024-09-29T10:13:12","slug":"ippolito-salviani-el-impresor-cientifico","status":"publish","type":"post","link":"https:\/\/casanatense.cultura.gov.it\/es\/editoriales\/ippolito-salviani-el-impresor-cientifico\/","title":{"rendered":"Ippolito Salviani, el impresor cient\u00edfico"},"content":{"rendered":"<p>[et_pb_section fb_built=\u00bb1&#8243; admin_label=\u00bbsection\u00bb _builder_version=\u00bb4.16&#8243; da_disable_devices=\u00bboff|off|off\u00bb global_colors_info=\u00bb{}\u00bb theme_builder_area=\u00bbpost_content\u00bb da_is_popup=\u00bboff\u00bb da_exit_intent=\u00bboff\u00bb da_has_close=\u00bbon\u00bb da_alt_close=\u00bboff\u00bb da_dark_close=\u00bboff\u00bb da_not_modal=\u00bbon\u00bb da_is_singular=\u00bboff\u00bb da_with_loader=\u00bboff\u00bb da_has_shadow=\u00bbon\u00bb][et_pb_row admin_label=\u00bbrow\u00bb _builder_version=\u00bb4.16&#8243; background_size=\u00bbinitial\u00bb background_position=\u00bbtop_left\u00bb background_repeat=\u00bbrepeat\u00bb global_colors_info=\u00bb{}\u00bb theme_builder_area=\u00bbpost_content\u00bb][et_pb_column type=\u00bb4_4&#8243; _builder_version=\u00bb4.16&#8243; custom_padding=\u00bb|||\u00bb global_colors_info=\u00bb{}\u00bb custom_padding__hover=\u00bb|||\u00bb theme_builder_area=\u00bbpost_content\u00bb][et_pb_text admin_label=\u00bbText\u00bb _builder_version=\u00bb4.27.0&#8243; background_size=\u00bbinitial\u00bb background_position=\u00bbtop_left\u00bb background_repeat=\u00bbrepeat\u00bb global_colors_info=\u00bb{}\u00bb theme_builder_area=\u00bbpost_content\u00bb]<\/p>\n<h5><strong>por <em>Francesco Volpi<\/em><\/strong><\/h5>\n<h5><strong> <\/strong><\/h5>\n<p>[\/et_pb_text][\/et_pb_column][\/et_pb_row][et_pb_row column_structure=\u00bb1_4,3_4&#8243; _builder_version=\u00bb4.27.0&#8243; _module_preset=\u00bbdefault\u00bb global_colors_info=\u00bb{}\u00bb theme_builder_area=\u00bbpost_content\u00bb][et_pb_column type=\u00bb1_4&#8243; _builder_version=\u00bb4.27.0&#8243; _module_preset=\u00bbdefault\u00bb global_colors_info=\u00bb{}\u00bb theme_builder_area=\u00bbpost_content\u00bb][et_pb_image src=\u00bbhttp:\/\/casanatense.cultura.gov.it\/wp-content\/uploads\/2024\/09\/Ritratto.jpg\u00bb title_text=\u00bbRitratto Salviani\u00bb show_in_lightbox=\u00bbon\u00bb _builder_version=\u00bb4.27.0&#8243; _module_preset=\u00bbdefault\u00bb width=\u00bb87%\u00bb custom_margin=\u00bb10px||||false|false\u00bb border_radii=\u00bbon|5px|5px|5px|5px\u00bb box_shadow_style=\u00bbpreset2&#8243; global_colors_info=\u00bb{}\u00bb theme_builder_area=\u00bbpost_content\u00bb][\/et_pb_image][\/et_pb_column][et_pb_column type=\u00bb3_4&#8243; _builder_version=\u00bb4.27.0&#8243; _module_preset=\u00bbdefault\u00bb global_colors_info=\u00bb{}\u00bb theme_builder_area=\u00bbpost_content\u00bb][et_pb_text _builder_version=\u00bb4.27.0&#8243; _module_preset=\u00bbdefault\u00bb text_font=\u00bb|300|||||||\u00bb text_text_color=\u00bb#000000&#8243; global_colors_info=\u00bb{}\u00bb theme_builder_area=\u00bbpost_content\u00bb]<\/p>\n<p><strong>Vida<\/strong><br \/>La fortuna de Ippolito Salviani est\u00e1 m\u00e1s ligada a sus estudios sobre las especies animales marinas que a la actividad tipogr\u00e1fica que inici\u00f3 en su casa, debido a la necesidad de completar la publicaci\u00f3n de <em>Aquatilium animalium historiae<\/em>. En general, Ippolito Salviani fue un erudito del siglo XVI de m\u00faltiples intereses y producci\u00f3n polifac\u00e9tica; <\/p>\n<p>[\/et_pb_text][\/et_pb_column][\/et_pb_row][et_pb_row _builder_version=\u00bb4.27.0&#8243; _module_preset=\u00bbdefault\u00bb global_colors_info=\u00bb{}\u00bb theme_builder_area=\u00bbpost_content\u00bb][et_pb_column type=\u00bb4_4&#8243; _builder_version=\u00bb4.27.0&#8243; _module_preset=\u00bbdefault\u00bb global_colors_info=\u00bb{}\u00bb theme_builder_area=\u00bbpost_content\u00bb][et_pb_text _builder_version=\u00bb4.27.0&#8243; _module_preset=\u00bbdefault\u00bb text_font=\u00bb|&#8211;et_global_body_font_weight|||||||\u00bb global_colors_info=\u00bb{}\u00bb theme_builder_area=\u00bbpost_content\u00bb]<\/p>\n<p>baste decir que tambi\u00e9n fue m\u00e9dico, profesor universitario, ocup\u00f3 cargos p\u00fablicos e incluso fue dramaturgo. La amplitud de sus conocimientos le vali\u00f3 la consideraci\u00f3n y estima del entorno cultural de su \u00e9poca.<br \/>Nacido en Citt\u00e0 di Castello en 1514, comenz\u00f3 sus estudios de medicina en Perugia, despu\u00e9s visit\u00f3 numerosas universidades italianas hasta que se estableci\u00f3 en Roma, donde se hizo m\u00e9dico y se interes\u00f3 por la historia natural. <\/p>\n<p>[\/et_pb_text][\/et_pb_column][\/et_pb_row][et_pb_row column_structure=\u00bb3_4,1_4&#8243; _builder_version=\u00bb4.27.0&#8243; _module_preset=\u00bbdefault\u00bb global_colors_info=\u00bb{}\u00bb theme_builder_area=\u00bbpost_content\u00bb][et_pb_column type=\u00bb3_4&#8243; _builder_version=\u00bb4.27.0&#8243; _module_preset=\u00bbdefault\u00bb global_colors_info=\u00bb{}\u00bb theme_builder_area=\u00bbpost_content\u00bb][et_pb_text _builder_version=\u00bb4.27.0&#8243; _module_preset=\u00bbdefault\u00bb text_font=\u00bb|&#8211;et_global_body_font_weight|||||||\u00bb global_colors_info=\u00bb{}\u00bb theme_builder_area=\u00bbpost_content\u00bb]<\/p>\n<p>El encuentro decisivo para su carrera y sus estudios fue con el cardenal Marcello Cervini. Antiguo obispo de Nicastro, luego cardenal bibliotecario en 1548, Cervini estaba en contacto con numerosos humanistas, era amante de los libros, pose\u00eda una importante biblioteca personal y, desde 1539, cultivaba el proyecto de publicar los manuscritos griegos in\u00e9ditos de la Biblioteca Vaticana. Como cardenal bibliotecario, promovi\u00f3 la investigaci\u00f3n hist\u00f3rica, arqueol\u00f3gica y cient\u00edfica. Atra\u00eddo por el valor y los estudios de Salviani, en 1550 hizo que le nombraran arquiatra papal: fue as\u00ed m\u00e9dico personal de Pablo III, del propio Cervini, que lleg\u00f3 a ser Papa con el nombre de Marcelo II, y luego de Pablo IV.   <\/p>\n<p>[\/et_pb_text][\/et_pb_column][et_pb_column type=\u00bb1_4&#8243; _builder_version=\u00bb4.27.0&#8243; _module_preset=\u00bbdefault\u00bb global_colors_info=\u00bb{}\u00bb theme_builder_area=\u00bbpost_content\u00bb][et_pb_image src=\u00bbhttp:\/\/casanatense.cultura.gov.it\/wp-content\/uploads\/2024\/09\/Marcello-II-Cervini-1.jpg\u00bb title_text=\u00bbMarcello II (Cervini)\u00bb show_in_lightbox=\u00bbon\u00bb _builder_version=\u00bb4.27.0&#8243; _module_preset=\u00bbdefault\u00bb custom_margin=\u00bb30px||||false|false\u00bb enable_caption_text=\u00bbon\u00bb border_radii=\u00bbon|5px|5px|5px|5px\u00bb box_shadow_style=\u00bbpreset2&#8243; global_colors_info=\u00bb{}\u00bb theme_builder_area=\u00bbpost_content\u00bb][\/et_pb_image][\/et_pb_column][\/et_pb_row][et_pb_row _builder_version=\u00bb4.27.0&#8243; _module_preset=\u00bbdefault\u00bb global_colors_info=\u00bb{}\u00bb theme_builder_area=\u00bbpost_content\u00bb][et_pb_column type=\u00bb4_4&#8243; _builder_version=\u00bb4.27.0&#8243; _module_preset=\u00bbdefault\u00bb global_colors_info=\u00bb{}\u00bb theme_builder_area=\u00bbpost_content\u00bb][et_pb_text _builder_version=\u00bb4.27.0&#8243; _module_preset=\u00bbdefault\u00bb text_font=\u00bb|&#8211;et_global_body_font_weight|||||||\u00bb global_colors_info=\u00bb{}\u00bb theme_builder_area=\u00bbpost_content\u00bb]<\/p>\n<p>Desde 1551 hasta finales de 1568, Salviani fue profesor de medicina pr\u00e1ctica en La Sapienza, pero, como ya se ha dicho, tambi\u00e9n cultiv\u00f3 las letras. Publicada por primera vez en Roma en 1554 por los hermanos Dorico, la <em>Ruffiana<\/em> es una comedia animada que describe los vicios de su \u00e9poca.<br \/>En 1564, era protom\u00e9dico del Collegio Medico de Roma. Apasionado de las esculturas antiguas, de las que era coleccionista, en 1565 fue nombrado conservador del registro de Roma, cargo administrativo relativo a la protecci\u00f3n de las antig\u00fcedades.  <br \/>Muri\u00f3 en Roma en 1572.<\/p>\n<p>[\/et_pb_text][\/et_pb_column][\/et_pb_row][et_pb_row column_structure=\u00bb1_4,3_4&#8243; _builder_version=\u00bb4.27.0&#8243; _module_preset=\u00bbdefault\u00bb global_colors_info=\u00bb{}\u00bb theme_builder_area=\u00bbpost_content\u00bb][et_pb_column type=\u00bb1_4&#8243; _builder_version=\u00bb4.27.0&#8243; _module_preset=\u00bbdefault\u00bb global_colors_info=\u00bb{}\u00bb theme_builder_area=\u00bbpost_content\u00bb][et_pb_image src=\u00bbhttp:\/\/casanatense.cultura.gov.it\/wp-content\/uploads\/2024\/09\/VOL-MISC-2487-colophon.jpg\u00bb title_text=\u00bbVOL MISC 2487 colophon\u00bb show_in_lightbox=\u00bbon\u00bb _builder_version=\u00bb4.27.0&#8243; _module_preset=\u00bbdefault\u00bb width=\u00bb75%\u00bb border_radii=\u00bbon|5px|5px|5px|5px\u00bb box_shadow_style=\u00bbpreset2&#8243; global_colors_info=\u00bb{}\u00bb theme_builder_area=\u00bbpost_content\u00bb][\/et_pb_image][\/et_pb_column][et_pb_column type=\u00bb3_4&#8243; _builder_version=\u00bb4.27.0&#8243; _module_preset=\u00bbdefault\u00bb global_colors_info=\u00bb{}\u00bb theme_builder_area=\u00bbpost_content\u00bb][et_pb_text _builder_version=\u00bb4.27.0&#8243; _module_preset=\u00bbdefault\u00bb text_font=\u00bb|&#8211;et_global_body_font_weight|||||||\u00bb global_colors_info=\u00bb{}\u00bb theme_builder_area=\u00bbpost_content\u00bb]<\/p>\n<p><strong>El negocio de la imprenta<\/strong><\/p>\n<p>En el colof\u00f3n de una edici\u00f3n de una obra sobre los funerales de Carlos V hallada en la Biblioteca Casanatense, se encuentra quiz\u00e1 la f\u00f3rmula que mejor refleja la trayectoria editorial de Ippolito Salviani: in casa de Hipp. Salviano. <\/p>\n<p>[\/et_pb_text][\/et_pb_column][\/et_pb_row][et_pb_row column_structure=\u00bb3_4,1_4&#8243; _builder_version=\u00bb4.27.0&#8243; _module_preset=\u00bbdefault\u00bb global_colors_info=\u00bb{}\u00bb theme_builder_area=\u00bbpost_content\u00bb][et_pb_column type=\u00bb3_4&#8243; _builder_version=\u00bb4.27.0&#8243; _module_preset=\u00bbdefault\u00bb global_colors_info=\u00bb{}\u00bb theme_builder_area=\u00bbpost_content\u00bb][et_pb_text _builder_version=\u00bb4.27.0&#8243; _module_preset=\u00bbdefault\u00bb text_font=\u00bb|&#8211;et_global_body_font_weight|||||||\u00bb global_colors_info=\u00bb{}\u00bb theme_builder_area=\u00bbpost_content\u00bb]<\/p>\n<p>La necesidad de imprimir en casa est\u00e1 relacionada con los acontecimientos que rodearon la publicaci\u00f3n de <em>Aquatilium animalium historiae<\/em>.<br \/>Para llevar a cabo sus estudios ictiol\u00f3gicos, Salviani pudo contar con la financiaci\u00f3n del cardenal Cervini, que le permiti\u00f3 procurarse especies de peces que no se encontraban en Italia y viajar al resto del Mediterr\u00e1neo y a algunas regiones del norte de Europa.<br \/>En cuanto a la publicaci\u00f3n del <em>Aquatilium<\/em>, el propio Cervini, presumiblemente en 1554 -fecha que figura en la portada de la obra-, hizo que la Biblioteca Vaticana subvencionara la impresi\u00f3n.<\/p>\n<p>[\/et_pb_text][\/et_pb_column][et_pb_column type=\u00bb1_4&#8243; _builder_version=\u00bb4.27.0&#8243; _module_preset=\u00bbdefault\u00bb global_colors_info=\u00bb{}\u00bb theme_builder_area=\u00bbpost_content\u00bb][et_pb_image src=\u00bbhttp:\/\/casanatense.cultura.gov.it\/wp-content\/uploads\/2024\/09\/O-I-15-front.jpg\u00bb title_text=\u00bbAquatilium front\u00bb show_in_lightbox=\u00bbon\u00bb _builder_version=\u00bb4.27.0&#8243; _module_preset=\u00bbdefault\u00bb custom_margin=\u00bb19px||||false|false\u00bb border_radii=\u00bbon|5px|5px|5px|5px\u00bb box_shadow_style=\u00bbpreset2&#8243; global_colors_info=\u00bb{}\u00bb theme_builder_area=\u00bbpost_content\u00bb][\/et_pb_image][\/et_pb_column][\/et_pb_row][et_pb_row _builder_version=\u00bb4.27.0&#8243; _module_preset=\u00bbdefault\u00bb global_colors_info=\u00bb{}\u00bb theme_builder_area=\u00bbpost_content\u00bb][et_pb_column type=\u00bb4_4&#8243; _builder_version=\u00bb4.27.0&#8243; _module_preset=\u00bbdefault\u00bb global_colors_info=\u00bb{}\u00bb theme_builder_area=\u00bbpost_content\u00bb][et_pb_text _builder_version=\u00bb4.27.0&#8243; _module_preset=\u00bbdefault\u00bb text_font=\u00bb|&#8211;et_global_body_font_weight|||||||\u00bb hover_enabled=\u00bb0&#8243; global_colors_info=\u00bb{}\u00bb theme_builder_area=\u00bbpost_content\u00bb sticky_enabled=\u00bb0&#8243;]<\/p>\n<p>Sin embargo, tras ser elegido papa, con el nombre de Marcelo II, el 9 de abril de 1555, Cervini muri\u00f3 21 d\u00edas despu\u00e9s, el 30 de abril. Como consecuencia de esta repentina muerte, la impresi\u00f3n de <em>Aquatilium<\/em>, que ya no contaba con el apoyo del mecenas de Salviani, empez\u00f3 a retrasarse. De ah\u00ed la decisi\u00f3n de Salviani de continuar \u00e9l mismo la impresi\u00f3n. Como prueba de ello, mientras que el escudo de Cervini permaneci\u00f3 en la portada de la obra, la dedicatoria, en principio destinada a \u00e9l, fue sustituida por la de Pablo IV.<\/p>\n<p>[\/et_pb_text][\/et_pb_column][\/et_pb_row][et_pb_row _builder_version=\u00bb4.27.0&#8243; _module_preset=\u00bbdefault\u00bb global_colors_info=\u00bb{}\u00bb theme_builder_area=\u00bbpost_content\u00bb][et_pb_column type=\u00bb4_4&#8243; _builder_version=\u00bb4.27.0&#8243; _module_preset=\u00bbdefault\u00bb global_colors_info=\u00bb{}\u00bb theme_builder_area=\u00bbpost_content\u00bb][et_pb_text _builder_version=\u00bb4.27.0&#8243; _module_preset=\u00bbdefault\u00bb text_font=\u00bb|&#8211;et_global_body_font_weight|||||||\u00bb hover_enabled=\u00bb0&#8243; global_colors_info=\u00bb{}\u00bb theme_builder_area=\u00bbpost_content\u00bb sticky_enabled=\u00bb0&#8243;]<\/p>\n<p>Las dificultades debieron de ser muchas, ya que la impresi\u00f3n no se termin\u00f3 hasta 1557, fecha que figura en el colof\u00f3n (1558 en una edici\u00f3n variante). La envergadura de una obra tan imponente no pod\u00eda conciliarse con la lentitud del trabajo tipogr\u00e1fico realizado en la casa, hasta el punto de que el proyecto editorial se paraliz\u00f3 tras la publicaci\u00f3n del primer volumen. Adem\u00e1s, Salviani se vio obligado a ocuparse no s\u00f3lo de la impresi\u00f3n, sino tambi\u00e9n de la venta y distribuci\u00f3n de su obra.<\/p>\n<p>[\/et_pb_text][\/et_pb_column][\/et_pb_row][et_pb_row column_structure=\u00bb1_4,3_4&#8243; _builder_version=\u00bb4.27.0&#8243; _module_preset=\u00bbdefault\u00bb global_colors_info=\u00bb{}\u00bb theme_builder_area=\u00bbpost_content\u00bb][et_pb_column type=\u00bb1_4&#8243; _builder_version=\u00bb4.27.0&#8243; _module_preset=\u00bbdefault\u00bb global_colors_info=\u00bb{}\u00bb theme_builder_area=\u00bbpost_content\u00bb][et_pb_image src=\u00bbhttp:\/\/casanatense.cultura.gov.it\/wp-content\/uploads\/2024\/09\/Ulisse-Aldrovandi.webp\u00bb title_text=\u00bbUlisse Aldrovandi\u00bb show_in_lightbox=\u00bbon\u00bb _builder_version=\u00bb4.27.0&#8243; _module_preset=\u00bbdefault\u00bb width=\u00bb76%\u00bb border_radii=\u00bbon|5px|5px|5px|5px\u00bb box_shadow_style=\u00bbpreset2&#8243; global_colors_info=\u00bb{}\u00bb theme_builder_area=\u00bbpost_content\u00bb][\/et_pb_image][\/et_pb_column][et_pb_column type=\u00bb3_4&#8243; _builder_version=\u00bb4.27.0&#8243; _module_preset=\u00bbdefault\u00bb global_colors_info=\u00bb{}\u00bb theme_builder_area=\u00bbpost_content\u00bb][et_pb_text _builder_version=\u00bb4.27.0&#8243; _module_preset=\u00bbdefault\u00bb text_font=\u00bb|&#8211;et_global_body_font_weight|||||||\u00bb global_colors_info=\u00bb{}\u00bb theme_builder_area=\u00bbpost_content\u00bb]<\/p>\n<p>En una de estas ocasiones, encarg\u00f3 a Ulisse Aldrovandi, m\u00e9dico y bot\u00e1nico bolo\u00f1\u00e9s con el que intercambiaba correspondencia, que organizara la venta de tres ejemplares de <em>Aquatilium<\/em> enviados a Bolonia, con la ayuda del librero veneciano Gabriele Gilolito.<\/p>\n<p>[\/et_pb_text][\/et_pb_column][\/et_pb_row][et_pb_row _builder_version=\u00bb4.27.0&#8243; _module_preset=\u00bbdefault\u00bb global_colors_info=\u00bb{}\u00bb theme_builder_area=\u00bbpost_content\u00bb][et_pb_column type=\u00bb4_4&#8243; _builder_version=\u00bb4.27.0&#8243; _module_preset=\u00bbdefault\u00bb global_colors_info=\u00bb{}\u00bb theme_builder_area=\u00bbpost_content\u00bb][et_pb_text _builder_version=\u00bb4.27.0&#8243; _module_preset=\u00bbdefault\u00bb text_font=\u00bb|&#8211;et_global_body_font_weight|||||||\u00bb global_colors_info=\u00bb{}\u00bb theme_builder_area=\u00bbpost_content\u00bb]<\/p>\n<p>Salviani tambi\u00e9n public\u00f3 \u00e9l mismo otras obras, imprimi\u00e9ndolas en casa, y m\u00e1s tarde particip\u00f3 en el asunto editorial de la Stamperia del Popolo Romano. Esta iniciativa, promovida por P\u00edo IV en 1561 para que las nuevas ediciones de las sagradas escrituras se publicaran bajo control eclesi\u00e1stico, condujo al traslado de la imprenta a la ciudad de Roma en 1563; el 20 de diciembre de ese mismo a\u00f1o, Ippolito Salviani fue designado para presidir el consejo de administraci\u00f3n de la imprenta, junto con Pirro Tari y Antonio Massa. En abril de 1564, sin embargo, P\u00edo IV don\u00f3 la imprenta a Paolo Manuzio, quien, aunque se ocup\u00f3 materialmente de ella, releg\u00f3 de nuevo su gesti\u00f3n a la ciudad de Roma. As\u00ed, tanto por falta de fondos suficientes como por desavenencias con el propio Manuzio, el 8 de octubre de 1569 se tom\u00f3 la decisi\u00f3n de deshacerse de la imprenta; en la misma ocasi\u00f3n, Salviani solicit\u00f3 y obtuvo ser relevado del consejo de administraci\u00f3n de la Stamperia Popolo Romano.   <\/p>\n<p>[\/et_pb_text][\/et_pb_column][\/et_pb_row][et_pb_row _builder_version=\u00bb4.27.0&#8243; _module_preset=\u00bbdefault\u00bb global_colors_info=\u00bb{}\u00bb theme_builder_area=\u00bbpost_content\u00bb][et_pb_column type=\u00bb4_4&#8243; _builder_version=\u00bb4.27.0&#8243; _module_preset=\u00bbdefault\u00bb global_colors_info=\u00bb{}\u00bb theme_builder_area=\u00bbpost_content\u00bb][et_pb_text _builder_version=\u00bb4.27.0&#8243; _module_preset=\u00bbdefault\u00bb global_colors_info=\u00bb{}\u00bb theme_builder_area=\u00bbpost_content\u00bb]<\/p>\n<h5><strong>Ediciones impresas por Ippolito Salviani en la Casanatense<\/strong><\/h5>\n<p>[\/et_pb_text][\/et_pb_column][\/et_pb_row][et_pb_row column_structure=\u00bb3_4,1_4&#8243; _builder_version=\u00bb4.27.0&#8243; _module_preset=\u00bbdefault\u00bb global_colors_info=\u00bb{}\u00bb theme_builder_area=\u00bbpost_content\u00bb][et_pb_column type=\u00bb3_4&#8243; _builder_version=\u00bb4.27.0&#8243; _module_preset=\u00bbdefault\u00bb global_colors_info=\u00bb{}\u00bb theme_builder_area=\u00bbpost_content\u00bb][et_pb_text _builder_version=\u00bb4.27.0&#8243; _module_preset=\u00bbdefault\u00bb text_font=\u00bb|&#8211;et_global_body_font_weight|||||||\u00bb global_colors_info=\u00bb{}\u00bb theme_builder_area=\u00bbpost_content\u00bb]<\/p>\n<p>Colocaci\u00f3n: <strong>l. XIX. 26  <\/strong><\/p>\n<p><strong>Grattarolo, Guglielmo &lt;1516-1568&gt;<\/strong><\/p>\n<p>DE MEMO||RIA REPARANDA,||AVGENDA SER-||VANDAQVE LIBER||VNVS.||DE LOCALI VEL AR||tificiosa Memoria||Liber alter.||[marca Z 01022 ; V 00121]||ROMAE. M D LVIII. [colophon:] IMPRESSVM ROMAE.||1555.<br \/>90, [6] p. ; 8\u00b0. <br \/>((Para el nombre del autor, v\u00e9ase BMC I, 1139. &#8211; Marca en la portada: la Fortaleza o Sans\u00f3n lleva sobre sus hombros dos columnas cruzadas. &#8211; Ep\u00edstola al lector en c. A2. &#8211; Iniciales ornamentadas. &#8211; Marca: A-F8<br \/>Pie de imprenta: a-od esut inas teui (3) 1558 (R)((Para el nombre del autor, v\u00e9ase BMC I, 1139. &#8211; Marca en la portada: la Fortezza o Sansone trasporta sulle sp. &#8211; Ep\u00edstola al lector en c. A2. &#8211; Iniciales ornamentadas. &#8211; Marca: A-F8<br \/>Pie de imprenta: a-od esut inas teui (3) 1558 (R)      <\/p>\n<p>[\/et_pb_text][\/et_pb_column][et_pb_column type=\u00bb1_4&#8243; _builder_version=\u00bb4.27.0&#8243; _module_preset=\u00bbdefault\u00bb global_colors_info=\u00bb{}\u00bb theme_builder_area=\u00bbpost_content\u00bb][et_pb_image src=\u00bbhttp:\/\/casanatense.cultura.gov.it\/wp-content\/uploads\/2024\/09\/l-XIX-26-front.jpg\u00bb title_text=\u00bbSalviani De memoria\u00bb show_in_lightbox=\u00bbon\u00bb _builder_version=\u00bb4.27.0&#8243; _module_preset=\u00bbdefault\u00bb custom_margin=\u00bb46px||||false|false\u00bb border_radii=\u00bbon|5px|5px|5px|5px\u00bb box_shadow_style=\u00bbpreset2&#8243; global_colors_info=\u00bb{}\u00bb theme_builder_area=\u00bbpost_content\u00bb][\/et_pb_image][\/et_pb_column][\/et_pb_row][et_pb_row column_structure=\u00bb1_4,3_4&#8243; _builder_version=\u00bb4.27.0&#8243; _module_preset=\u00bbdefault\u00bb global_colors_info=\u00bb{}\u00bb theme_builder_area=\u00bbpost_content\u00bb][et_pb_column type=\u00bb1_4&#8243; _builder_version=\u00bb4.27.0&#8243; _module_preset=\u00bbdefault\u00bb global_colors_info=\u00bb{}\u00bb theme_builder_area=\u00bbpost_content\u00bb][et_pb_image src=\u00bbhttp:\/\/casanatense.cultura.gov.it\/wp-content\/uploads\/2024\/09\/A-IV-62-front.jpg\u00bb title_text=\u00bbSalviani vitarum sanctorum\u00bb show_in_lightbox=\u00bbon\u00bb _builder_version=\u00bb4.27.0&#8243; _module_preset=\u00bbdefault\u00bb custom_margin=\u00bb84px||||false|false\u00bb border_radii=\u00bbon|5px|5px|5px|5px\u00bb box_shadow_style=\u00bbpreset2&#8243; global_colors_info=\u00bb{}\u00bb theme_builder_area=\u00bbpost_content\u00bb][\/et_pb_image][\/et_pb_column][et_pb_column type=\u00bb3_4&#8243; _builder_version=\u00bb4.27.0&#8243; _module_preset=\u00bbdefault\u00bb global_colors_info=\u00bb{}\u00bb theme_builder_area=\u00bbpost_content\u00bb][et_pb_text _builder_version=\u00bb4.27.0&#8243; _module_preset=\u00bbdefault\u00bb text_font=\u00bb|&#8211;et_global_body_font_weight|||||||\u00bb global_colors_info=\u00bb{}\u00bb theme_builder_area=\u00bbpost_content\u00bb]<\/p>\n<p>Colocaciones: <strong>A. IV. 62 &#8211; y. II. 18   <\/strong><\/p>\n<p><strong>Lippomano, Luigi<\/strong><\/p>\n<p>TOMVS SEXTVS||VITARVM SAN||CTORVM PRISCORVM||PATRVM.||QVAB INSTANTE R. P. D. ALOYSIO||LIPOMANO, EPISCOPO VERONENSI,||NVNC PRIMUM EX SYMEONE|| METAPHRASTE GRAECO||AVCTORE LATINAE|| FACTAE SVNT,||AC PER EVNDEM IN VNVM VOLVMEN||COLLECTAE CVM SOLITIS SCHOLIIS||ADVERSVS PRAESENTIVM|| HAERETICORVM DELI-||RATIONES.||RO [marca Z 01022 ; V 00121] MAE||EX OFFICINA SALVIANA||M. D. LVIII. [colophon:] ROMAE||EX OFFICINA SALVIANA||M. D. LVIII. <br \/>[16], 403, [5] c. ; 8\u00b0. <\/p>\n<p>[\/et_pb_text][\/et_pb_column][\/et_pb_row][et_pb_row _builder_version=\u00bb4.27.0&#8243; _module_preset=\u00bbdefault\u00bb global_colors_info=\u00bb{}\u00bb theme_builder_area=\u00bbpost_content\u00bb][et_pb_column type=\u00bb4_4&#8243; _builder_version=\u00bb4.27.0&#8243; _module_preset=\u00bbdefault\u00bb global_colors_info=\u00bb{}\u00bb theme_builder_area=\u00bbpost_content\u00bb][et_pb_text _builder_version=\u00bb4.27.0&#8243; _module_preset=\u00bbdefault\u00bb text_font=\u00bb|&#8211;et_global_body_font_weight|||||||\u00bb global_colors_info=\u00bb{}\u00bb theme_builder_area=\u00bbpost_content\u00bb]<\/p>\n<p>((Marca en la portada: la Fortaleza o Sans\u00f3n lleva dos columnas cruzadas sobre los hombros. &#8211; Misma marca al final en c. 2E7v. &#8211; Dedicatoria al papa Pablo III en c. 12r. &#8211; Ep\u00edstola al lector en el c. 13v. &#8211; \u00cdndice de las Vidas de los Santos en el c. 21r. &#8211; Tabla de anotaciones en el c. 24r. &#8211; Iniciales ornamentadas. &#8211; Marca: 1-44 a-z8 A-2E8 (E8 blanco)<br \/>Pie de imprenta: erun 6.8. iui- ridi (3) 1558 (R)             <\/p>\n<p>[\/et_pb_text][\/et_pb_column][\/et_pb_row][et_pb_row column_structure=\u00bb3_4,1_4&#8243; _builder_version=\u00bb4.27.0&#8243; _module_preset=\u00bbdefault\u00bb global_colors_info=\u00bb{}\u00bb theme_builder_area=\u00bbpost_content\u00bb][et_pb_column type=\u00bb3_4&#8243; _builder_version=\u00bb4.27.0&#8243; _module_preset=\u00bbdefault\u00bb global_colors_info=\u00bb{}\u00bb theme_builder_area=\u00bbpost_content\u00bb][et_pb_text _builder_version=\u00bb4.27.0&#8243; _module_preset=\u00bbdefault\u00bb text_font=\u00bb|&#8211;et_global_body_font_weight|||||||\u00bb global_colors_info=\u00bb{}\u00bb theme_builder_area=\u00bbpost_content\u00bb]<\/p>\n<p>Colocaciones: <strong>VOL. MISC. 2487. 2<\/strong><\/p>\n<p>ORDINE||DELLE ESEQVIE||FAMOSISSIME CELE-||BRATE PER LA MORTE DELLO|| Inuittissimo Carlo Quinto||Imperatore.||ALLA CORTE DEL SE-||renissimo Re Filippo suo figliuolo.||In Bruselle.||[stemma imperiale di Carlo V] [colophon:] [marca Z 01022 ; V 00121]||IN ROMA||CON LICENTIA DELLI SV-||PERIORI IN CASA DE HIPP.||SALVIANO A DI XI. DE||FEBRARO. 1559.<br \/>[8] c. ; 4\u00b0. <br \/>((Marca al final: Fortaleza o Sans\u00f3n portando dos columnas cruzadas sobre sus hombros. &#8211; Inicial ornamentada. &#8211; Firma: A-B4<br \/>Pie de imprenta: erie reel noii nedi (C) 1559 (A)  <\/p>\n<p>[\/et_pb_text][\/et_pb_column][et_pb_column type=\u00bb1_4&#8243; _builder_version=\u00bb4.27.0&#8243; _module_preset=\u00bbdefault\u00bb global_colors_info=\u00bb{}\u00bb theme_builder_area=\u00bbpost_content\u00bb][et_pb_image src=\u00bbhttp:\/\/casanatense.cultura.gov.it\/wp-content\/uploads\/2024\/09\/VOL-MISC-2487-front.jpg\u00bb title_text=\u00bbSalviani Ordine delle esequie\u00bb show_in_lightbox=\u00bbon\u00bb _builder_version=\u00bb4.27.0&#8243; _module_preset=\u00bbdefault\u00bb custom_margin=\u00bb45px||||false|false\u00bb border_radii=\u00bbon|5px|5px|5px|5px\u00bb box_shadow_style=\u00bbpreset2&#8243; global_colors_info=\u00bb{}\u00bb theme_builder_area=\u00bbpost_content\u00bb][\/et_pb_image][\/et_pb_column][\/et_pb_row][et_pb_row column_structure=\u00bb1_4,3_4&#8243; _builder_version=\u00bb4.27.0&#8243; _module_preset=\u00bbdefault\u00bb global_colors_info=\u00bb{}\u00bb theme_builder_area=\u00bbpost_content\u00bb][et_pb_column type=\u00bb1_4&#8243; _builder_version=\u00bb4.27.0&#8243; _module_preset=\u00bbdefault\u00bb global_colors_info=\u00bb{}\u00bb theme_builder_area=\u00bbpost_content\u00bb][et_pb_image src=\u00bbhttp:\/\/casanatense.cultura.gov.it\/wp-content\/uploads\/2024\/09\/FF-XIII-57-front.jpg\u00bb title_text=\u00bbSalviani I cantici\u00bb show_in_lightbox=\u00bbon\u00bb _builder_version=\u00bb4.27.0&#8243; _module_preset=\u00bbdefault\u00bb custom_margin=\u00bb44px||||false|false\u00bb border_radii=\u00bbon|5px|5px|5px|5px\u00bb box_shadow_style=\u00bbpreset2&#8243; global_colors_info=\u00bb{}\u00bb theme_builder_area=\u00bbpost_content\u00bb][\/et_pb_image][\/et_pb_column][et_pb_column type=\u00bb3_4&#8243; _builder_version=\u00bb4.27.0&#8243; _module_preset=\u00bbdefault\u00bb global_colors_info=\u00bb{}\u00bb theme_builder_area=\u00bbpost_content\u00bb][et_pb_text _builder_version=\u00bb4.27.0&#8243; _module_preset=\u00bbdefault\u00bb text_font=\u00bb|&#8211;et_global_body_font_weight|||||||\u00bb global_colors_info=\u00bb{}\u00bb theme_builder_area=\u00bbpost_content\u00bb]<\/p>\n<p>Colocaci\u00f3n: <strong>FF. XIII. 57  <\/strong><\/p>\n<p><strong>Iacopone da Todi<\/strong><\/p>\n<p>I CANTICI,||DEL BEATO IACOPONE||DA TODI, CON DILIGEN-||ZA RISTAMPATI,||CON LA GIONTA DI ALCVNI||DISCORSI SOPRA DI ESSI.||ET CON LA VITA SVA.||NVOVAMENTE POSTA||IN LVCE.||[FREGIO]||[marca Z 01022 ; V 00121]||IN ROMA||APPRESSO HIPP. SALVIANO.||NEL M. D. LVIII. [colophon:] [marca Z 01022 ; V 00121]||IN ROMA||APPRESSO HIPP.||SALVIANO.||M. D. LVIII.<br \/>[12], 142, [6] c. ; 4\u00b0. <\/p>\n<p>[\/et_pb_text][\/et_pb_column][\/et_pb_row][et_pb_row _builder_version=\u00bb4.27.0&#8243; _module_preset=\u00bbdefault\u00bb custom_margin=\u00bb|auto|7px|auto||\u00bb global_colors_info=\u00bb{}\u00bb theme_builder_area=\u00bbpost_content\u00bb][et_pb_column type=\u00bb4_4&#8243; _builder_version=\u00bb4.27.0&#8243; _module_preset=\u00bbdefault\u00bb global_colors_info=\u00bb{}\u00bb theme_builder_area=\u00bbpost_content\u00bb][et_pb_text _builder_version=\u00bb4.27.0&#8243; _module_preset=\u00bbdefault\u00bb text_font=\u00bb|&#8211;et_global_body_font_weight|||||||\u00bb global_colors_info=\u00bb{}\u00bb theme_builder_area=\u00bbpost_content\u00bb]<\/p>\n<p>((Marca en la portada y al final: La Fortaleza o Sans\u00f3n lleva sobre sus hombros dos columnas cruzadas. &#8211; Vida de Iacopone da Todi, editada por Giovanni Battista Modio, folios 1-34. &#8211; Orden alfab\u00e9tico de los c\u00e1nticos en c. N3r. &#8211; Orden num\u00e9rico de los c\u00e1nticos en el c. N4r. &#8211; Tabla de entradas en el c. O1v. &#8211; Aclaraci\u00f3n al lector sobre los top\u00f3nimos en el c. O3v. &#8211; Errata y registro en c. O4r. &#8211; Iniciales caligr\u00e1ficas ornamentadas. &#8211; Marca: 1-34 a-z4 A-O4<br \/>Pie de imprenta: jeje saa- a,o, chco (3) 1558 (R)             <\/p>\n<p>[\/et_pb_text][\/et_pb_column][\/et_pb_row][et_pb_row column_structure=\u00bb3_4,1_4&#8243; _builder_version=\u00bb4.27.0&#8243; _module_preset=\u00bbdefault\u00bb global_colors_info=\u00bb{}\u00bb theme_builder_area=\u00bbpost_content\u00bb][et_pb_column type=\u00bb3_4&#8243; _builder_version=\u00bb4.27.0&#8243; _module_preset=\u00bbdefault\u00bb global_colors_info=\u00bb{}\u00bb theme_builder_area=\u00bbpost_content\u00bb][et_pb_text _builder_version=\u00bb4.27.0&#8243; _module_preset=\u00bbdefault\u00bb text_font=\u00bb|&#8211;et_global_body_font_weight|||||||\u00bb global_colors_info=\u00bb{}\u00bb theme_builder_area=\u00bbpost_content\u00bb]<\/p>\n<p>Localizaci\u00f3n: <strong>I. 1. 23 <\/strong><\/p>\n<p><strong>Camerario, Bartolomeo<\/strong><\/p>\n<p>REPETITIO LEGIS||IMPERIALEM.||DE PROHIB. FEVD. ALIEN. PER FEDE.||PER BARTHOLOMAEVM||CAMERARIVM BENEVENTANVM.||[ritratto calcografico di Bartolomeo Camerario]||ROMAE||APVD HIPP.SALVIANVM||M. D. LVIII.<br \/>CVIII, [8] c. ; fol.  <br \/>((Dedicatoria al Papa Pablo IV en c. A2r. &#8211; \u00cdndice en c. T1r. &#8211; Errata en c. V3r. &#8211; Iniciales ornamentadas. &#8211; Marca: A-S6 T-V4 (en blanco V4)<br \/>Pie de imprenta: 8.e. s.in a-e- raga (3) 1558 (R)        <\/p>\n<p>[\/et_pb_text][\/et_pb_column][et_pb_column type=\u00bb1_4&#8243; _builder_version=\u00bb4.27.0&#8243; _module_preset=\u00bbdefault\u00bb global_colors_info=\u00bb{}\u00bb theme_builder_area=\u00bbpost_content\u00bb][et_pb_image src=\u00bbhttp:\/\/casanatense.cultura.gov.it\/wp-content\/uploads\/2024\/09\/I-1-23-front.jpg\u00bb title_text=\u00bbSalviani Repetitio legis\u00bb show_in_lightbox=\u00bbon\u00bb _builder_version=\u00bb4.27.0&#8243; _module_preset=\u00bbdefault\u00bb custom_margin=\u00bb49px||||false|false\u00bb border_radii=\u00bbon|5px|5px|5px|5px\u00bb box_shadow_style=\u00bbpreset2&#8243; global_colors_info=\u00bb{}\u00bb theme_builder_area=\u00bbpost_content\u00bb][\/et_pb_image][\/et_pb_column][\/et_pb_row][et_pb_row column_structure=\u00bb1_4,3_4&#8243; _builder_version=\u00bb4.27.0&#8243; _module_preset=\u00bbdefault\u00bb global_colors_info=\u00bb{}\u00bb theme_builder_area=\u00bbpost_content\u00bb][et_pb_column type=\u00bb1_4&#8243; _builder_version=\u00bb4.27.0&#8243; _module_preset=\u00bbdefault\u00bb global_colors_info=\u00bb{}\u00bb theme_builder_area=\u00bbpost_content\u00bb][et_pb_image src=\u00bbhttp:\/\/casanatense.cultura.gov.it\/wp-content\/uploads\/2024\/09\/O-I-15-front.jpg\u00bb title_text=\u00bbAquatilium front\u00bb show_in_lightbox=\u00bbon\u00bb _builder_version=\u00bb4.27.0&#8243; _module_preset=\u00bbdefault\u00bb custom_margin=\u00bb40px||||false|false\u00bb border_radii=\u00bbon|5px|5px|5px|5px\u00bb box_shadow_style=\u00bbpreset2&#8243; global_colors_info=\u00bb{}\u00bb theme_builder_area=\u00bbpost_content\u00bb][\/et_pb_image][\/et_pb_column][et_pb_column type=\u00bb3_4&#8243; _builder_version=\u00bb4.27.0&#8243; _module_preset=\u00bbdefault\u00bb global_colors_info=\u00bb{}\u00bb theme_builder_area=\u00bbpost_content\u00bb][et_pb_text _builder_version=\u00bb4.27.0&#8243; _module_preset=\u00bbdefault\u00bb text_font=\u00bb|&#8211;et_global_body_font_weight|||||||\u00bb global_colors_info=\u00bb{}\u00bb theme_builder_area=\u00bbpost_content\u00bb]<\/p>\n<p>Localizaci\u00f3n: <strong>O. I. 15<\/strong><\/p>\n<p><strong>Salviani, Ippolito<\/strong><\/p>\n<p>AQVATILIUM ANIMALIUM HISTORIAE,||LIBER PRIMVS CVM EORVNDEM||FORMIS, AERE EXCVSIS.||HIPPOLYTO SALVIANO TYPHERNATE,||ROMAE MEDICINAM PROFITENTE||AVCTORE.||ROMAE. M. D. LIIII. [colophon:] ROMAE||APUD EVNDEM HIPPOLYTUM||SALVIANUM. MENSE IANVARIO.||M D LVIII.<br \/>[8], 256 c. : ill. ; fol.  <\/p>\n<p>[\/et_pb_text][\/et_pb_column][\/et_pb_row][et_pb_row _builder_version=\u00bb4.27.0&#8243; _module_preset=\u00bbdefault\u00bb global_colors_info=\u00bb{}\u00bb theme_builder_area=\u00bbpost_content\u00bb][et_pb_column type=\u00bb4_4&#8243; _builder_version=\u00bb4.27.0&#8243; _module_preset=\u00bbdefault\u00bb global_colors_info=\u00bb{}\u00bb theme_builder_area=\u00bbpost_content\u00bb][et_pb_text _builder_version=\u00bb4.27.0&#8243; _module_preset=\u00bbdefault\u00bb text_font=\u00bb|&#8211;et_global_body_font_weight|||||||\u00bb global_colors_info=\u00bb{}\u00bb theme_builder_area=\u00bbpost_content\u00bb]<\/p>\n<p>((Frontispicio calcogr\u00e1fico de Nicolas Beatrizet: el t\u00edtulo, la responsabilidad y las indicaciones de publicaci\u00f3n est\u00e1n grabados en un ed\u00edculo cuya parte superior lleva, entre dos querubines, el escudo de armas de Marcelo II; en el centro del ed\u00edculo, entre dos sirenas, el retrato del autor en un marco oval. &#8211; Marca en fino (Z 01022 ; V 00121): la Fortaleza o Sans\u00f3n llevando sobre sus hombros dos columnas cruzadas. &#8211; 98 grabados (numerados 1-53, 55-99) de Antoine Lafrery, algunos de Nicolas Beatrizet. &#8211; Dedicatoria a Julio III, Carlos V, Enrique IV y Cosme M\u00e9dicis. a c. [croce]1. \u2013 Dedica a Paolo IV a c. [croce]7. \u2013 Tavole dei nomi da c. A1v a c. G8r. \u2013 Epistola al lettore a c. G8v. \u2013 Indici da c. 2I1r a c. 2I7v. \u2013 Registro e colophon a c. 2I8r. \u2013 Iniziali ornate. \u2013 Segnatura: [croce]8 A-2I8<br \/>Impronta: reub uses 7.1. PaTe (3) 1554 (R)               <\/p>\n<p>[\/et_pb_text][\/et_pb_column][\/et_pb_row][et_pb_row _builder_version=\u00bb4.27.0&#8243; _module_preset=\u00bbdefault\u00bb global_colors_info=\u00bb{}\u00bb theme_builder_area=\u00bbpost_content\u00bb][et_pb_column type=\u00bb4_4&#8243; _builder_version=\u00bb4.27.0&#8243; _module_preset=\u00bbdefault\u00bb global_colors_info=\u00bb{}\u00bb theme_builder_area=\u00bbpost_content\u00bb][et_pb_text _builder_version=\u00bb4.27.0&#8243; _module_preset=\u00bbdefault\u00bb global_colors_info=\u00bb{}\u00bb theme_builder_area=\u00bbpost_content\u00bb]<\/p>\n<h5><strong>Bibliografia<\/strong><\/h5>\n<p>[\/et_pb_text][\/et_pb_column][\/et_pb_row][et_pb_row _builder_version=\u00bb4.27.0&#8243; _module_preset=\u00bbdefault\u00bb global_colors_info=\u00bb{}\u00bb theme_builder_area=\u00bbpost_content\u00bb][et_pb_column type=\u00bb4_4&#8243; _builder_version=\u00bb4.27.0&#8243; _module_preset=\u00bbdefault\u00bb global_colors_info=\u00bb{}\u00bb theme_builder_area=\u00bbpost_content\u00bb][et_pb_text _builder_version=\u00bb4.27.0&#8243; _module_preset=\u00bbdefault\u00bb text_font=\u00bb|&#8211;et_global_body_font_weight|||||||\u00bb global_colors_info=\u00bb{}\u00bb theme_builder_area=\u00bbpost_content\u00bb]<\/p>\n<p>Barberi, Francesco, <em>Paolo Manuzio e la Stamperia del Popolo Romano (1561-1570)<\/em>, Roma, 1986<\/p>\n<p><em>Dizionario Biografico degli Italiani<\/em>, 90, p. 22-24<\/p>\n<p>Dorez, Leon, <em>Le cardinal Marcello Cervini et l\u2019imprimerie a Rome<\/em>, in \u00abMelanges d\u2019arch\u00e9ologie et d\u2019histoire\u00bb, 1892, XII, p. 289-313<\/p>\n<p>Gudger, Eugene Willis, <em>The Five Great Naturalists of the Sixteenth Century: Belon, Rondelet, Salviani, Gesner and Aldrovandi: A Chapter in the History of Ichthyology<\/em>, in \u00abIsis, a Journal of the History of Science Society\u00bb, 22, n. 1<\/p>\n<p>Hirsch, August, <em>Biographisches Lexikon der hervorragenden Aerzte aller Zeiten und V\u00f6lker<\/em>, Wien und Leipzig, Urban und Schwarzenberg, 1884-1888, 5, 160<\/p>\n<p>Marini, Gaetano Luigi, <em>Degli archiatri pontifici<\/em>, In Roma, nella stamperia Pagliarini, 1784, vol. 1, 402-405, vol. 2, 306-307, 314-317<\/p>\n<p>Masetti Zannini, Gian Ludovico, <em>Stampatori e librai a Roma nella seconda met\u00e0 del cinquecento<\/em>, Roma, Palombi, 1980<\/p>\n<p><em>Nouvelle biographie g\u00e9n\u00e9rale<\/em>, Paris, Firmin Didot freres, 1867, 43, p. 221<\/p>\n<p>Pinon, Laurent, <em>Cl\u00e9matite bleu contre poissons s\u00e9ch\u00e9s: sept lettres in\u00e9dites d\u2019Ippolito Salviani \u00e0 Ulisse Aldrovandi<\/em>, in \u00abM\u00e9langes de l\u2019Ecole Francaise de Rome, Italie et M\u00e9diterran\u00e9e\u00bb, 2002, 14-2, p. 477-492<\/p>\n<p>Pinon, Laurent, <em>Livres de zoologie de la Renaissance, une anthologie<\/em> (1450-1700), Paris, Klincksieck, 1995<\/p>\n<p>[\/et_pb_text][\/et_pb_column][\/et_pb_row][\/et_pb_section]<\/p>\n","protected":false},"excerpt":{"rendered":"<p>por Francesco Volpi VidaLa fortuna de Ippolito Salviani est\u00e1 m\u00e1s ligada a sus estudios sobre las especies animales marinas que a la actividad tipogr\u00e1fica que inici\u00f3 en su casa, debido a la necesidad de completar la publicaci\u00f3n de Aquatilium animalium historiae. En general, Ippolito Salviani fue un erudito del siglo XVI de m\u00faltiples intereses y producci\u00f3n polifac\u00e9tica; baste decir que tambi\u00e9n fue m\u00e9dico, profesor universitario, ocup\u00f3 cargos p\u00fablicos e incluso fue dramaturgo. La amplitud de sus conocimientos le vali\u00f3 la consideraci\u00f3n y estima del entorno cultural de su \u00e9poca.Nacido en Citt\u00e0 di Castello en 1514, comenz\u00f3 sus estudios de medicina en Perugia, despu\u00e9s visit\u00f3 numerosas universidades italianas hasta que se estableci\u00f3 en Roma, donde se hizo m\u00e9dico y se interes\u00f3 por la historia natural. El encuentro decisivo para su carrera y sus estudios fue con el cardenal Marcello Cervini. Antiguo obispo de Nicastro, luego cardenal bibliotecario en 1548, Cervini estaba en contacto con numerosos humanistas, era amante de los libros, pose\u00eda una importante biblioteca personal y, desde 1539, cultivaba el proyecto de publicar los manuscritos griegos in\u00e9ditos de la Biblioteca Vaticana. Como cardenal bibliotecario, promovi\u00f3 la investigaci\u00f3n hist\u00f3rica, arqueol\u00f3gica y cient\u00edfica. Atra\u00eddo por el valor y los estudios de Salviani, [&hellip;]<\/p>\n","protected":false},"author":160,"featured_media":260184,"comment_status":"closed","ping_status":"closed","sticky":false,"template":"","format":"standard","meta":{"_et_pb_use_builder":"on","_et_pb_old_content":"","_et_gb_content_width":"","_price":"","_stock":"","_tribe_ticket_header":"","_tribe_default_ticket_provider":"","_tribe_ticket_capacity":"0","_ticket_start_date":"","_ticket_end_date":"","_tribe_ticket_show_description":"","_tribe_ticket_show_not_going":false,"_tribe_ticket_use_global_stock":"","_tribe_ticket_global_stock_level":"","_global_stock_mode":"","_global_stock_cap":"","_tribe_rsvp_for_event":"","_tribe_ticket_going_count":"","_tribe_ticket_not_going_count":"","_tribe_tickets_list":"[]","_tribe_ticket_has_attendee_info_fields":false,"footnotes":""},"categories":[156],"tags":[],"class_list":["post-260260","post","type-post","status-publish","format-standard","has-post-thumbnail","hentry","category-editoriales"],"yoast_head":"<!-- This site is optimized with the Yoast SEO plugin v27.4 - https:\/\/yoast.com\/product\/yoast-seo-wordpress\/ -->\n<title>Ippolito Salviani, el impresor cient\u00edfico - Casanatense<\/title>\n<meta name=\"robots\" content=\"index, follow, max-snippet:-1, max-image-preview:large, max-video-preview:-1\" \/>\n<link rel=\"canonical\" href=\"https:\/\/casanatense.cultura.gov.it\/es\/editoriales\/ippolito-salviani-el-impresor-cientifico\/\" \/>\n<meta property=\"og:locale\" content=\"es_ES\" \/>\n<meta property=\"og:type\" content=\"article\" \/>\n<meta property=\"og:title\" content=\"Ippolito Salviani, el impresor cient\u00edfico - Casanatense\" \/>\n<meta property=\"og:description\" content=\"por Francesco Volpi VidaLa fortuna de Ippolito Salviani est\u00e1 m\u00e1s ligada a sus estudios sobre las especies animales marinas que a la actividad tipogr\u00e1fica que inici\u00f3 en su casa, debido a la necesidad de completar la publicaci\u00f3n de Aquatilium animalium historiae. En general, Ippolito Salviani fue un erudito del siglo XVI de m\u00faltiples intereses y producci\u00f3n polifac\u00e9tica; baste decir que tambi\u00e9n fue m\u00e9dico, profesor universitario, ocup\u00f3 cargos p\u00fablicos e incluso fue dramaturgo. La amplitud de sus conocimientos le vali\u00f3 la consideraci\u00f3n y estima del entorno cultural de su \u00e9poca.Nacido en Citt\u00e0 di Castello en 1514, comenz\u00f3 sus estudios de medicina en Perugia, despu\u00e9s visit\u00f3 numerosas universidades italianas hasta que se estableci\u00f3 en Roma, donde se hizo m\u00e9dico y se interes\u00f3 por la historia natural. El encuentro decisivo para su carrera y sus estudios fue con el cardenal Marcello Cervini. Antiguo obispo de Nicastro, luego cardenal bibliotecario en 1548, Cervini estaba en contacto con numerosos humanistas, era amante de los libros, pose\u00eda una importante biblioteca personal y, desde 1539, cultivaba el proyecto de publicar los manuscritos griegos in\u00e9ditos de la Biblioteca Vaticana. Como cardenal bibliotecario, promovi\u00f3 la investigaci\u00f3n hist\u00f3rica, arqueol\u00f3gica y cient\u00edfica. Atra\u00eddo por el valor y los estudios de Salviani, [&hellip;]\" \/>\n<meta property=\"og:url\" content=\"https:\/\/casanatense.cultura.gov.it\/es\/editoriales\/ippolito-salviani-el-impresor-cientifico\/\" \/>\n<meta property=\"og:site_name\" content=\"Casanatense\" \/>\n<meta property=\"article:publisher\" content=\"https:\/\/it-it.facebook.com\/people\/Biblioteca-Casanatense\/100064405343454\/\" \/>\n<meta property=\"article:published_time\" content=\"2009-09-25T08:16:00+00:00\" \/>\n<meta property=\"article:modified_time\" content=\"2024-09-29T10:13:12+00:00\" \/>\n<meta property=\"og:image\" content=\"https:\/\/casanatense.cultura.gov.it\/wp-content\/uploads\/2024\/09\/O-I-15-front.jpg\" \/>\n\t<meta property=\"og:image:width\" content=\"1242\" \/>\n\t<meta property=\"og:image:height\" content=\"1920\" \/>\n\t<meta property=\"og:image:type\" content=\"image\/jpeg\" \/>\n<meta name=\"author\" content=\"Francesco\" \/>\n<meta name=\"twitter:card\" content=\"summary_large_image\" \/>\n<meta name=\"twitter:creator\" content=\"@casanatense\" \/>\n<meta name=\"twitter:site\" content=\"@casanatense\" \/>\n<meta name=\"twitter:label1\" content=\"Escrito por\" \/>\n\t<meta name=\"twitter:data1\" content=\"Francesco\" \/>\n\t<meta name=\"twitter:label2\" content=\"Tiempo de lectura\" \/>\n\t<meta name=\"twitter:data2\" content=\"21 minutos\" \/>\n<script type=\"application\/ld+json\" class=\"yoast-schema-graph\">{\"@context\":\"https:\\\/\\\/schema.org\",\"@graph\":[{\"@type\":\"Article\",\"@id\":\"https:\\\/\\\/casanatense.cultura.gov.it\\\/es\\\/editoriales\\\/ippolito-salviani-el-impresor-cientifico\\\/#article\",\"isPartOf\":{\"@id\":\"https:\\\/\\\/casanatense.cultura.gov.it\\\/es\\\/editoriales\\\/ippolito-salviani-el-impresor-cientifico\\\/\"},\"author\":{\"name\":\"Francesco\",\"@id\":\"https:\\\/\\\/casanatense.cultura.gov.it\\\/es\\\/#\\\/schema\\\/person\\\/3b7d6db894a0b289e171663d4dec01c8\"},\"headline\":\"Ippolito Salviani, el impresor cient\u00edfico\",\"datePublished\":\"2009-09-25T08:16:00+00:00\",\"dateModified\":\"2024-09-29T10:13:12+00:00\",\"mainEntityOfPage\":{\"@id\":\"https:\\\/\\\/casanatense.cultura.gov.it\\\/es\\\/editoriales\\\/ippolito-salviani-el-impresor-cientifico\\\/\"},\"wordCount\":4295,\"publisher\":{\"@id\":\"https:\\\/\\\/casanatense.cultura.gov.it\\\/es\\\/#organization\"},\"image\":{\"@id\":\"https:\\\/\\\/casanatense.cultura.gov.it\\\/es\\\/editoriales\\\/ippolito-salviani-el-impresor-cientifico\\\/#primaryimage\"},\"thumbnailUrl\":\"https:\\\/\\\/casanatense.cultura.gov.it\\\/wp-content\\\/uploads\\\/2024\\\/09\\\/O-I-15-front.jpg\",\"articleSection\":[\"Editoriales\"],\"inLanguage\":\"es\"},{\"@type\":\"WebPage\",\"@id\":\"https:\\\/\\\/casanatense.cultura.gov.it\\\/es\\\/editoriales\\\/ippolito-salviani-el-impresor-cientifico\\\/\",\"url\":\"https:\\\/\\\/casanatense.cultura.gov.it\\\/es\\\/editoriales\\\/ippolito-salviani-el-impresor-cientifico\\\/\",\"name\":\"Ippolito Salviani, el impresor cient\u00edfico - Casanatense\",\"isPartOf\":{\"@id\":\"https:\\\/\\\/casanatense.cultura.gov.it\\\/es\\\/#website\"},\"primaryImageOfPage\":{\"@id\":\"https:\\\/\\\/casanatense.cultura.gov.it\\\/es\\\/editoriales\\\/ippolito-salviani-el-impresor-cientifico\\\/#primaryimage\"},\"image\":{\"@id\":\"https:\\\/\\\/casanatense.cultura.gov.it\\\/es\\\/editoriales\\\/ippolito-salviani-el-impresor-cientifico\\\/#primaryimage\"},\"thumbnailUrl\":\"https:\\\/\\\/casanatense.cultura.gov.it\\\/wp-content\\\/uploads\\\/2024\\\/09\\\/O-I-15-front.jpg\",\"datePublished\":\"2009-09-25T08:16:00+00:00\",\"dateModified\":\"2024-09-29T10:13:12+00:00\",\"breadcrumb\":{\"@id\":\"https:\\\/\\\/casanatense.cultura.gov.it\\\/es\\\/editoriales\\\/ippolito-salviani-el-impresor-cientifico\\\/#breadcrumb\"},\"inLanguage\":\"es\",\"potentialAction\":[{\"@type\":\"ReadAction\",\"target\":[\"https:\\\/\\\/casanatense.cultura.gov.it\\\/es\\\/editoriales\\\/ippolito-salviani-el-impresor-cientifico\\\/\"]}]},{\"@type\":\"ImageObject\",\"inLanguage\":\"es\",\"@id\":\"https:\\\/\\\/casanatense.cultura.gov.it\\\/es\\\/editoriales\\\/ippolito-salviani-el-impresor-cientifico\\\/#primaryimage\",\"url\":\"https:\\\/\\\/casanatense.cultura.gov.it\\\/wp-content\\\/uploads\\\/2024\\\/09\\\/O-I-15-front.jpg\",\"contentUrl\":\"https:\\\/\\\/casanatense.cultura.gov.it\\\/wp-content\\\/uploads\\\/2024\\\/09\\\/O-I-15-front.jpg\",\"width\":1242,\"height\":1920},{\"@type\":\"BreadcrumbList\",\"@id\":\"https:\\\/\\\/casanatense.cultura.gov.it\\\/es\\\/editoriales\\\/ippolito-salviani-el-impresor-cientifico\\\/#breadcrumb\",\"itemListElement\":[{\"@type\":\"ListItem\",\"position\":1,\"name\":\"Home\",\"item\":\"https:\\\/\\\/casanatense.cultura.gov.it\\\/es\\\/\"},{\"@type\":\"ListItem\",\"position\":2,\"name\":\"Ippolito Salviani, el impresor cient\u00edfico\"}]},{\"@type\":\"WebSite\",\"@id\":\"https:\\\/\\\/casanatense.cultura.gov.it\\\/es\\\/#website\",\"url\":\"https:\\\/\\\/casanatense.cultura.gov.it\\\/es\\\/\",\"name\":\"Casanatense\",\"description\":\"Il sito della Biblioteca Casanatense\",\"publisher\":{\"@id\":\"https:\\\/\\\/casanatense.cultura.gov.it\\\/es\\\/#organization\"},\"potentialAction\":[{\"@type\":\"SearchAction\",\"target\":{\"@type\":\"EntryPoint\",\"urlTemplate\":\"https:\\\/\\\/casanatense.cultura.gov.it\\\/es\\\/?s={search_term_string}\"},\"query-input\":{\"@type\":\"PropertyValueSpecification\",\"valueRequired\":true,\"valueName\":\"search_term_string\"}}],\"inLanguage\":\"es\"},{\"@type\":\"Organization\",\"@id\":\"https:\\\/\\\/casanatense.cultura.gov.it\\\/es\\\/#organization\",\"name\":\"Biblioteca Casanatense\",\"url\":\"https:\\\/\\\/casanatense.cultura.gov.it\\\/es\\\/\",\"logo\":{\"@type\":\"ImageObject\",\"inLanguage\":\"es\",\"@id\":\"https:\\\/\\\/casanatense.cultura.gov.it\\\/es\\\/#\\\/schema\\\/logo\\\/image\\\/\",\"url\":\"https:\\\/\\\/casanatense.cultura.gov.it\\\/wp-content\\\/uploads\\\/2024\\\/03\\\/logo-casanatense-mibact.png\",\"contentUrl\":\"https:\\\/\\\/casanatense.cultura.gov.it\\\/wp-content\\\/uploads\\\/2024\\\/03\\\/logo-casanatense-mibact.png\",\"width\":250,\"height\":61,\"caption\":\"Biblioteca Casanatense\"},\"image\":{\"@id\":\"https:\\\/\\\/casanatense.cultura.gov.it\\\/es\\\/#\\\/schema\\\/logo\\\/image\\\/\"},\"sameAs\":[\"https:\\\/\\\/it-it.facebook.com\\\/people\\\/Biblioteca-Casanatense\\\/100064405343454\\\/\",\"https:\\\/\\\/x.com\\\/casanatense\",\"https:\\\/\\\/instagram.com\\\/bibliotecacasanatense?igshid=5hcnozoyuuy5\"]},{\"@type\":\"Person\",\"@id\":\"https:\\\/\\\/casanatense.cultura.gov.it\\\/es\\\/#\\\/schema\\\/person\\\/3b7d6db894a0b289e171663d4dec01c8\",\"name\":\"Francesco\",\"url\":\"https:\\\/\\\/casanatense.cultura.gov.it\\\/es\\\/author\\\/francesco\\\/\"}]}<\/script>\n<!-- \/ Yoast SEO plugin. -->","yoast_head_json":{"title":"Ippolito Salviani, el impresor cient\u00edfico - Casanatense","robots":{"index":"index","follow":"follow","max-snippet":"max-snippet:-1","max-image-preview":"max-image-preview:large","max-video-preview":"max-video-preview:-1"},"canonical":"https:\/\/casanatense.cultura.gov.it\/es\/editoriales\/ippolito-salviani-el-impresor-cientifico\/","og_locale":"es_ES","og_type":"article","og_title":"Ippolito Salviani, el impresor cient\u00edfico - Casanatense","og_description":"por Francesco Volpi VidaLa fortuna de Ippolito Salviani est\u00e1 m\u00e1s ligada a sus estudios sobre las especies animales marinas que a la actividad tipogr\u00e1fica que inici\u00f3 en su casa, debido a la necesidad de completar la publicaci\u00f3n de Aquatilium animalium historiae. En general, Ippolito Salviani fue un erudito del siglo XVI de m\u00faltiples intereses y producci\u00f3n polifac\u00e9tica; baste decir que tambi\u00e9n fue m\u00e9dico, profesor universitario, ocup\u00f3 cargos p\u00fablicos e incluso fue dramaturgo. La amplitud de sus conocimientos le vali\u00f3 la consideraci\u00f3n y estima del entorno cultural de su \u00e9poca.Nacido en Citt\u00e0 di Castello en 1514, comenz\u00f3 sus estudios de medicina en Perugia, despu\u00e9s visit\u00f3 numerosas universidades italianas hasta que se estableci\u00f3 en Roma, donde se hizo m\u00e9dico y se interes\u00f3 por la historia natural. El encuentro decisivo para su carrera y sus estudios fue con el cardenal Marcello Cervini. Antiguo obispo de Nicastro, luego cardenal bibliotecario en 1548, Cervini estaba en contacto con numerosos humanistas, era amante de los libros, pose\u00eda una importante biblioteca personal y, desde 1539, cultivaba el proyecto de publicar los manuscritos griegos in\u00e9ditos de la Biblioteca Vaticana. Como cardenal bibliotecario, promovi\u00f3 la investigaci\u00f3n hist\u00f3rica, arqueol\u00f3gica y cient\u00edfica. Atra\u00eddo por el valor y los estudios de Salviani, [&hellip;]","og_url":"https:\/\/casanatense.cultura.gov.it\/es\/editoriales\/ippolito-salviani-el-impresor-cientifico\/","og_site_name":"Casanatense","article_publisher":"https:\/\/it-it.facebook.com\/people\/Biblioteca-Casanatense\/100064405343454\/","article_published_time":"2009-09-25T08:16:00+00:00","article_modified_time":"2024-09-29T10:13:12+00:00","og_image":[{"width":1242,"height":1920,"url":"https:\/\/casanatense.cultura.gov.it\/wp-content\/uploads\/2024\/09\/O-I-15-front.jpg","type":"image\/jpeg"}],"author":"Francesco","twitter_card":"summary_large_image","twitter_creator":"@casanatense","twitter_site":"@casanatense","twitter_misc":{"Escrito por":"Francesco","Tiempo de lectura":"21 minutos"},"schema":{"@context":"https:\/\/schema.org","@graph":[{"@type":"Article","@id":"https:\/\/casanatense.cultura.gov.it\/es\/editoriales\/ippolito-salviani-el-impresor-cientifico\/#article","isPartOf":{"@id":"https:\/\/casanatense.cultura.gov.it\/es\/editoriales\/ippolito-salviani-el-impresor-cientifico\/"},"author":{"name":"Francesco","@id":"https:\/\/casanatense.cultura.gov.it\/es\/#\/schema\/person\/3b7d6db894a0b289e171663d4dec01c8"},"headline":"Ippolito Salviani, el impresor cient\u00edfico","datePublished":"2009-09-25T08:16:00+00:00","dateModified":"2024-09-29T10:13:12+00:00","mainEntityOfPage":{"@id":"https:\/\/casanatense.cultura.gov.it\/es\/editoriales\/ippolito-salviani-el-impresor-cientifico\/"},"wordCount":4295,"publisher":{"@id":"https:\/\/casanatense.cultura.gov.it\/es\/#organization"},"image":{"@id":"https:\/\/casanatense.cultura.gov.it\/es\/editoriales\/ippolito-salviani-el-impresor-cientifico\/#primaryimage"},"thumbnailUrl":"https:\/\/casanatense.cultura.gov.it\/wp-content\/uploads\/2024\/09\/O-I-15-front.jpg","articleSection":["Editoriales"],"inLanguage":"es"},{"@type":"WebPage","@id":"https:\/\/casanatense.cultura.gov.it\/es\/editoriales\/ippolito-salviani-el-impresor-cientifico\/","url":"https:\/\/casanatense.cultura.gov.it\/es\/editoriales\/ippolito-salviani-el-impresor-cientifico\/","name":"Ippolito Salviani, el impresor cient\u00edfico - Casanatense","isPartOf":{"@id":"https:\/\/casanatense.cultura.gov.it\/es\/#website"},"primaryImageOfPage":{"@id":"https:\/\/casanatense.cultura.gov.it\/es\/editoriales\/ippolito-salviani-el-impresor-cientifico\/#primaryimage"},"image":{"@id":"https:\/\/casanatense.cultura.gov.it\/es\/editoriales\/ippolito-salviani-el-impresor-cientifico\/#primaryimage"},"thumbnailUrl":"https:\/\/casanatense.cultura.gov.it\/wp-content\/uploads\/2024\/09\/O-I-15-front.jpg","datePublished":"2009-09-25T08:16:00+00:00","dateModified":"2024-09-29T10:13:12+00:00","breadcrumb":{"@id":"https:\/\/casanatense.cultura.gov.it\/es\/editoriales\/ippolito-salviani-el-impresor-cientifico\/#breadcrumb"},"inLanguage":"es","potentialAction":[{"@type":"ReadAction","target":["https:\/\/casanatense.cultura.gov.it\/es\/editoriales\/ippolito-salviani-el-impresor-cientifico\/"]}]},{"@type":"ImageObject","inLanguage":"es","@id":"https:\/\/casanatense.cultura.gov.it\/es\/editoriales\/ippolito-salviani-el-impresor-cientifico\/#primaryimage","url":"https:\/\/casanatense.cultura.gov.it\/wp-content\/uploads\/2024\/09\/O-I-15-front.jpg","contentUrl":"https:\/\/casanatense.cultura.gov.it\/wp-content\/uploads\/2024\/09\/O-I-15-front.jpg","width":1242,"height":1920},{"@type":"BreadcrumbList","@id":"https:\/\/casanatense.cultura.gov.it\/es\/editoriales\/ippolito-salviani-el-impresor-cientifico\/#breadcrumb","itemListElement":[{"@type":"ListItem","position":1,"name":"Home","item":"https:\/\/casanatense.cultura.gov.it\/es\/"},{"@type":"ListItem","position":2,"name":"Ippolito Salviani, el impresor cient\u00edfico"}]},{"@type":"WebSite","@id":"https:\/\/casanatense.cultura.gov.it\/es\/#website","url":"https:\/\/casanatense.cultura.gov.it\/es\/","name":"Casanatense","description":"Il sito della Biblioteca Casanatense","publisher":{"@id":"https:\/\/casanatense.cultura.gov.it\/es\/#organization"},"potentialAction":[{"@type":"SearchAction","target":{"@type":"EntryPoint","urlTemplate":"https:\/\/casanatense.cultura.gov.it\/es\/?s={search_term_string}"},"query-input":{"@type":"PropertyValueSpecification","valueRequired":true,"valueName":"search_term_string"}}],"inLanguage":"es"},{"@type":"Organization","@id":"https:\/\/casanatense.cultura.gov.it\/es\/#organization","name":"Biblioteca Casanatense","url":"https:\/\/casanatense.cultura.gov.it\/es\/","logo":{"@type":"ImageObject","inLanguage":"es","@id":"https:\/\/casanatense.cultura.gov.it\/es\/#\/schema\/logo\/image\/","url":"https:\/\/casanatense.cultura.gov.it\/wp-content\/uploads\/2024\/03\/logo-casanatense-mibact.png","contentUrl":"https:\/\/casanatense.cultura.gov.it\/wp-content\/uploads\/2024\/03\/logo-casanatense-mibact.png","width":250,"height":61,"caption":"Biblioteca Casanatense"},"image":{"@id":"https:\/\/casanatense.cultura.gov.it\/es\/#\/schema\/logo\/image\/"},"sameAs":["https:\/\/it-it.facebook.com\/people\/Biblioteca-Casanatense\/100064405343454\/","https:\/\/x.com\/casanatense","https:\/\/instagram.com\/bibliotecacasanatense?igshid=5hcnozoyuuy5"]},{"@type":"Person","@id":"https:\/\/casanatense.cultura.gov.it\/es\/#\/schema\/person\/3b7d6db894a0b289e171663d4dec01c8","name":"Francesco","url":"https:\/\/casanatense.cultura.gov.it\/es\/author\/francesco\/"}]}},"_links":{"self":[{"href":"https:\/\/casanatense.cultura.gov.it\/es\/wp-json\/wp\/v2\/posts\/260260","targetHints":{"allow":["GET"]}}],"collection":[{"href":"https:\/\/casanatense.cultura.gov.it\/es\/wp-json\/wp\/v2\/posts"}],"about":[{"href":"https:\/\/casanatense.cultura.gov.it\/es\/wp-json\/wp\/v2\/types\/post"}],"author":[{"embeddable":true,"href":"https:\/\/casanatense.cultura.gov.it\/es\/wp-json\/wp\/v2\/users\/160"}],"replies":[{"embeddable":true,"href":"https:\/\/casanatense.cultura.gov.it\/es\/wp-json\/wp\/v2\/comments?post=260260"}],"version-history":[{"count":5,"href":"https:\/\/casanatense.cultura.gov.it\/es\/wp-json\/wp\/v2\/posts\/260260\/revisions"}],"predecessor-version":[{"id":260300,"href":"https:\/\/casanatense.cultura.gov.it\/es\/wp-json\/wp\/v2\/posts\/260260\/revisions\/260300"}],"wp:featuredmedia":[{"embeddable":true,"href":"https:\/\/casanatense.cultura.gov.it\/es\/wp-json\/wp\/v2\/media\/260184"}],"wp:attachment":[{"href":"https:\/\/casanatense.cultura.gov.it\/es\/wp-json\/wp\/v2\/media?parent=260260"}],"wp:term":[{"taxonomy":"category","embeddable":true,"href":"https:\/\/casanatense.cultura.gov.it\/es\/wp-json\/wp\/v2\/categories?post=260260"},{"taxonomy":"post_tag","embeddable":true,"href":"https:\/\/casanatense.cultura.gov.it\/es\/wp-json\/wp\/v2\/tags?post=260260"}],"curies":[{"name":"wp","href":"https:\/\/api.w.org\/{rel}","templated":true}]}}